{"id":2163,"date":"2019-09-26T12:52:31","date_gmt":"2019-09-26T12:52:31","guid":{"rendered":"http:\/\/zentrum-garage.ch\/?p=2163"},"modified":"2023-07-09T09:03:35","modified_gmt":"2023-07-09T09:03:35","slug":"avarie-de-martre","status":"publish","type":"post","link":"https:\/\/zentrum-garage.ch\/fr\/avarie-de-martre\/","title":{"rendered":"D\u00e9g\u00e2t de fouines"},"content":{"rendered":"\t\t<div data-elementor-type=\"wp-post\" data-elementor-id=\"2163\" class=\"elementor elementor-2163 elementor-2131\">\n\t\t\t\t\t\t\t\t\t<section class=\"elementor-section elementor-top-section elementor-element elementor-element-60f0464a elementor-section-full_width elementor-section-height-min-height elementor-section-stretched elementor-section-height-default elementor-section-items-middle\" data-id=\"60f0464a\" data-element_type=\"section\" data-settings=\"{&quot;stretch_section&quot;:&quot;section-stretched&quot;}\">\n\t\t\t\t\t\t\t<div class=\"elementor-background-overlay\"><\/div>\n\t\t\t\t\t\t\t<div class=\"elementor-container elementor-column-gap-default\">\n\t\t\t\t\t<div class=\"elementor-column elementor-col-100 elementor-top-column elementor-element elementor-element-5f9df24e\" data-id=\"5f9df24e\" data-element_type=\"column\">\n\t\t\t<div class=\"elementor-widget-wrap elementor-element-populated\">\n\t\t\t\t\t\t\t\t<div class=\"elementor-element elementor-element-c33356f elementor-widget elementor-widget-menu-anchor\" data-id=\"c33356f\" data-element_type=\"widget\" data-widget_type=\"menu-anchor.default\">\n\t\t\t\t<div class=\"elementor-widget-container\">\n\t\t\t\t\t<div id=\"up\" class=\"elementor-menu-anchor\"><\/div>\n\t\t\t\t<\/div>\n\t\t\t\t<\/div>\n\t\t\t\t<div class=\"elementor-element elementor-element-48e71cc3 elementor-widget elementor-widget-theme-post-featured-image elementor-widget-image\" data-id=\"48e71cc3\" data-element_type=\"widget\" data-widget_type=\"theme-post-featured-image.default\">\n\t\t\t\t<div class=\"elementor-widget-container\">\n\t\t\t\t\t\t\t\t\t\t\t\t\t\t\t<img decoding=\"async\" src=\"https:\/\/zentrum-garage.ch\/wp-content\/uploads\/elementor\/thumbs\/Groupe-e-2-e1688893342894-q95ii26lxof9ay8f5x61z350fxfr1yn1zj9mhemweg.jpg\" title=\"D\u00e9g\u00e2ts caus\u00e9s par les martres photographiques\" alt=\"D\u00e9g\u00e2ts caus\u00e9s par les martres photographiques\" loading=\"lazy\" \/>\t\t\t\t\t\t\t\t\t\t\t\t\t\t\t<\/div>\n\t\t\t\t<\/div>\n\t\t\t\t\t<\/div>\n\t\t<\/div>\n\t\t\t\t\t\t\t<\/div>\n\t\t<\/section>\n\t\t\t\t<section class=\"elementor-section elementor-top-section elementor-element elementor-element-5a3a2426 elementor-section-boxed elementor-section-height-default elementor-section-height-default\" data-id=\"5a3a2426\" data-element_type=\"section\">\n\t\t\t\t\t\t<div class=\"elementor-container elementor-column-gap-default\">\n\t\t\t\t\t<div class=\"elementor-column elementor-col-100 elementor-top-column elementor-element elementor-element-6dd47b72\" data-id=\"6dd47b72\" data-element_type=\"column\">\n\t\t\t<div class=\"elementor-widget-wrap elementor-element-populated\">\n\t\t\t\t\t\t\t\t<div class=\"elementor-element elementor-element-3dcaccfb elementor-widget elementor-widget-theme-post-title elementor-page-title elementor-widget-heading\" data-id=\"3dcaccfb\" data-element_type=\"widget\" data-widget_type=\"theme-post-title.default\">\n\t\t\t\t<div class=\"elementor-widget-container\">\n\t\t\t<h1 class=\"elementor-heading-title elementor-size-default\">D\u00e9g\u00e2t de fouines<\/h1>\t\t<\/div>\n\t\t\t\t<\/div>\n\t\t\t\t\t<\/div>\n\t\t<\/div>\n\t\t\t\t\t\t\t<\/div>\n\t\t<\/section>\n\t\t\t\t<section class=\"elementor-section elementor-top-section elementor-element elementor-element-71aa2e1c elementor-section-boxed elementor-section-height-default elementor-section-height-default\" data-id=\"71aa2e1c\" data-element_type=\"section\">\n\t\t\t\t\t\t<div class=\"elementor-container elementor-column-gap-default\">\n\t\t\t\t\t<div class=\"elementor-column elementor-col-100 elementor-top-column elementor-element elementor-element-3a5403aa\" data-id=\"3a5403aa\" data-element_type=\"column\">\n\t\t\t<div class=\"elementor-widget-wrap elementor-element-populated\">\n\t\t\t\t\t\t\t\t<div class=\"elementor-element elementor-element-1cc9fa25 elementor-widget-divider--view-line_icon elementor-view-default elementor-widget-divider--element-align-center elementor-widget elementor-widget-divider\" data-id=\"1cc9fa25\" data-element_type=\"widget\" data-widget_type=\"divider.default\">\n\t\t\t\t<div class=\"elementor-widget-container\">\n\t\t\t\t\t<div class=\"elementor-divider\">\n\t\t\t<span class=\"elementor-divider-separator\">\n\t\t\t\t\t\t\t<div class=\"elementor-icon elementor-divider__element\">\n\t\t\t\t\t<i aria-hidden=\"true\" class=\"fas fa-car\"><\/i><\/div>\n\t\t\t\t\t\t<\/span>\n\t\t<\/div>\n\t\t\t\t<\/div>\n\t\t\t\t<\/div>\n\t\t\t\t\t<\/div>\n\t\t<\/div>\n\t\t\t\t\t\t\t<\/div>\n\t\t<\/section>\n\t\t\t\t<section class=\"elementor-section elementor-top-section elementor-element elementor-element-2f7fb86d elementor-section-boxed elementor-section-height-default elementor-section-height-default\" data-id=\"2f7fb86d\" data-element_type=\"section\">\n\t\t\t\t\t\t<div class=\"elementor-container elementor-column-gap-default\">\n\t\t\t\t\t<div class=\"elementor-column elementor-col-100 elementor-top-column elementor-element elementor-element-39cf3de2\" data-id=\"39cf3de2\" data-element_type=\"column\">\n\t\t\t<div class=\"elementor-widget-wrap elementor-element-populated\">\n\t\t\t\t\t\t\t\t<div class=\"elementor-element elementor-element-385fe07a elementor-widget elementor-widget-heading\" data-id=\"385fe07a\" data-element_type=\"widget\" data-widget_type=\"heading.default\">\n\t\t\t\t<div class=\"elementor-widget-container\">\n\t\t\t<h2 class=\"elementor-heading-title elementor-size-default\">L'habitant ind\u00e9sirable<\/h2>\t\t<\/div>\n\t\t\t\t<\/div>\n\t\t\t\t<div class=\"elementor-element elementor-element-c566020 elementor-widget elementor-widget-text-editor\" data-id=\"c566020\" data-element_type=\"widget\" data-widget_type=\"text-editor.default\">\n\t\t\t\t<div class=\"elementor-widget-container\">\n\t\t\t\t\t\t\t<p>Avec l&rsquo;arriv\u00e9e des jours froids d&rsquo;automne, de nombreuses fouines emm\u00e9nagent dans une nouvelle maison &#8211; votre compartiment moteur. En effet, les martres aiment les endroits prot\u00e9g\u00e9s, chauds et sombres. Quoi de mieux qu&rsquo;un moteur chaud ? Mais c&rsquo;est aussi le d\u00e9but du f\u00e2cheux sujet des \u00ab\u00a0dommages caus\u00e9s par les martres\u00a0\u00bb.<\/p>\n<p><\/p>\n<p>D\u00e8s qu&rsquo;une fouine a choisi un compartiment moteur pour s&rsquo;installer, elle y reste. En r\u00e8gle g\u00e9n\u00e9rale, elle ne cause aucun dommage. La fouine laisse sa propre marque olfactive. Si vous vous rendez en voiture chez un parent ou un coll\u00e8gue, par exemple, vous entrez en territoire \u00e9tranger. La fouine qui y habite reconna\u00eet l&rsquo;intrus dans ses quartiers. Elle fera tout pour que son territoire ait son odeur. La fouine tente d&rsquo;\u00e9liminer l&rsquo;odeur \u00e9trang\u00e8re en mordant les tuyaux et les c\u00e2bles du bloc moteur. Les cons\u00e9quences d&rsquo;un tel dommage caus\u00e9 par les fouines se manifestent par des probl\u00e8mes de d\u00e9marrage et des taux d&rsquo;\u00e9mission \u00e9lev\u00e9s.<\/p><p><br><\/p>\n<p><\/p>\n<h4>Dommages caus\u00e9s par les fouines : que faire ?<\/h4>\n<p>D\u00e8s que vous constatez un dommage caus\u00e9 par les fouines, prenez contact avec nous. Notre objectif est de pr\u00e9venir les dommages cons\u00e9cutifs sur le v\u00e9hicule. Selon la couverture d&rsquo;assurance, votre assurance prend en charge les frais occasionn\u00e9s par les dommages caus\u00e9s par les martres.<\/p><p><br><\/p>\n<h4>Pr\u00e9venir les dommages caus\u00e9s par les fouines ?<\/h4>\n<p>Avec un dispositif anti-fouines int\u00e9gr\u00e9, il n&rsquo;y a pas de dommages dus aux fouines. Pour cela, des plaques sont plac\u00e9es \u00e0 divers endroits du moteur. Les plaques fonctionnent \u00e0 haute tension et aux ultrasons et envoient aux martres un petit choc \u00e9lectrique qui n&rsquo;est toutefois PAS mortel. L&rsquo;animal cherchera un nouveau foyer et quittera votre v\u00e9hicule.<\/p><p><br><\/p>\n<p><\/p>\n<p>N&rsquo;h\u00e9sitez pas \u00e0 prendre contact avec nous. Nous nous ferons un plaisir de vous conseiller.<\/p>\t\t\t\t\t\t<\/div>\n\t\t\t\t<\/div>\n\t\t\t\t\t<\/div>\n\t\t<\/div>\n\t\t\t\t\t\t\t<\/div>\n\t\t<\/section>\n\t\t\t\t<section class=\"elementor-section elementor-top-section elementor-element elementor-element-4b03c297 elementor-section-boxed elementor-section-height-default elementor-section-height-default\" data-id=\"4b03c297\" data-element_type=\"section\">\n\t\t\t\t\t\t<div class=\"elementor-container elementor-column-gap-default\">\n\t\t\t\t\t<div class=\"elementor-column elementor-col-100 elementor-top-column elementor-element elementor-element-7e0f2f8d\" data-id=\"7e0f2f8d\" data-element_type=\"column\">\n\t\t\t<div class=\"elementor-widget-wrap elementor-element-populated\">\n\t\t\t\t\t\t\t\t<div class=\"elementor-element elementor-element-5387b2ee elementor-widget-divider--view-line_icon elementor-view-default elementor-widget-divider--element-align-center elementor-widget elementor-widget-divider\" data-id=\"5387b2ee\" data-element_type=\"widget\" data-widget_type=\"divider.default\">\n\t\t\t\t<div class=\"elementor-widget-container\">\n\t\t\t\t\t<div class=\"elementor-divider\">\n\t\t\t<span class=\"elementor-divider-separator\">\n\t\t\t\t\t\t\t<div class=\"elementor-icon elementor-divider__element\">\n\t\t\t\t\t<i aria-hidden=\"true\" class=\"fas fa-car\"><\/i><\/div>\n\t\t\t\t\t\t<\/span>\n\t\t<\/div>\n\t\t\t\t<\/div>\n\t\t\t\t<\/div>\n\t\t\t\t\t<\/div>\n\t\t<\/div>\n\t\t\t\t\t\t\t<\/div>\n\t\t<\/section>\n\t\t\t\t<section class=\"elementor-section elementor-top-section elementor-element elementor-element-6fcea7af elementor-section-boxed elementor-section-height-default elementor-section-height-default\" data-id=\"6fcea7af\" data-element_type=\"section\">\n\t\t\t\t\t\t<div class=\"elementor-container elementor-column-gap-default\">\n\t\t\t\t\t<div class=\"elementor-column elementor-col-33 elementor-top-column elementor-element elementor-element-7bba4c37\" data-id=\"7bba4c37\" data-element_type=\"column\">\n\t\t\t<div class=\"elementor-widget-wrap elementor-element-populated\">\n\t\t\t\t\t\t\t\t<div class=\"elementor-element elementor-element-505a3bcb elementor-cta--valign-top elementor-cta--layout-image-above elementor-cta--skin-classic elementor-animated-content elementor-bg-transform elementor-bg-transform-zoom-in elementor-widget elementor-widget-call-to-action\" data-id=\"505a3bcb\" data-element_type=\"widget\" data-widget_type=\"call-to-action.default\">\n\t\t\t\t<div class=\"elementor-widget-container\">\n\t\t\t\t\t<div class=\"elementor-cta\">\n\t\t\t\t\t\t\t<div class=\"elementor-cta__content\">\n\t\t\t\t\t\t\t\t\t<div class=\"elementor-content-item elementor-cta__content-item elementor-icon-wrapper elementor-cta__icon elementor-view-default\">\n\t\t\t\t\t\t<div class=\"elementor-icon\">\n\t\t\t\t\t\t\t<i aria-hidden=\"true\" class=\"far fa-calendar-alt\"><\/i>\t\t\t\t\t\t<\/div>\n\t\t\t\t\t<\/div>\n\t\t\t\t\n\t\t\t\t<h2 class=\"elementor-cta__title elementor-cta__content-item elementor-content-item\">Rendez-vous en ligne<\/h2>\n\t\t\t\t\t\t\t\t\t<div class=\"elementor-cta__description elementor-cta__content-item elementor-content-item\">\n\t\t\t\t\t\t<p>R\u00e9servez en ligne un rendez-vous \u00e0 l'atelier.<\/p>\n\t\t\t\t\t<\/div>\n\t\t\t\t\n\t\t\t\t\t\t\t\t\t<div class=\"elementor-cta__button-wrapper elementor-cta__content-item elementor-content-item \">\n\t\t\t\t\t<a class=\"elementor-cta__button elementor-button elementor-size-sm\" href=\"https:\/\/zentrum-garage.sopl.ch\/de\/\" target=\"_blank\">\n\t\t\t\t\t\tPrendre rendez-vous\t\t\t\t\t<\/a>\n\t\t\t\t\t<\/div>\n\t\t\t\t\t\t\t<\/div>\n\t\t\t\t\t\t<\/div>\n\t\t\t\t<\/div>\n\t\t\t\t<\/div>\n\t\t\t\t\t<\/div>\n\t\t<\/div>\n\t\t\t\t<div class=\"elementor-column elementor-col-33 elementor-top-column elementor-element elementor-element-3f7fbd87\" data-id=\"3f7fbd87\" data-element_type=\"column\">\n\t\t\t<div class=\"elementor-widget-wrap elementor-element-populated\">\n\t\t\t\t\t\t\t\t<div class=\"elementor-element elementor-element-4bcb0b4f elementor-cta--valign-top elementor-cta--layout-image-above elementor-cta--skin-classic elementor-animated-content elementor-bg-transform elementor-bg-transform-zoom-in elementor-widget elementor-widget-call-to-action\" data-id=\"4bcb0b4f\" data-element_type=\"widget\" data-widget_type=\"call-to-action.default\">\n\t\t\t\t<div class=\"elementor-widget-container\">\n\t\t\t\t\t<div class=\"elementor-cta\">\n\t\t\t\t\t\t\t<div class=\"elementor-cta__content\">\n\t\t\t\t\t\t\t\t\t<div class=\"elementor-content-item elementor-cta__content-item elementor-icon-wrapper elementor-cta__icon elementor-view-default\">\n\t\t\t\t\t\t<div class=\"elementor-icon\">\n\t\t\t\t\t\t\t<i aria-hidden=\"true\" class=\"fas fa-car-crash\"><\/i>\t\t\t\t\t\t<\/div>\n\t\t\t\t\t<\/div>\n\t\t\t\t\n\t\t\t\t<h2 class=\"elementor-cta__title elementor-cta__content-item elementor-content-item\">AutoAssistance Walther<\/h2>\n\t\t\t\t\t\t\t\t\t<div class=\"elementor-cta__description elementor-cta__content-item elementor-content-item\">\n\t\t\t\t\t\t<p>Panne de voiture ou accident ? Nos d\u00e9panneurs sont sur la route 24h\/24.<\/p>\n\t\t\t\t\t<\/div>\n\t\t\t\t\n\t\t\t\t\t\t\t\t\t<div class=\"elementor-cta__button-wrapper elementor-cta__content-item elementor-content-item \">\n\t\t\t\t\t<a class=\"elementor-cta__button elementor-button elementor-size-sm\" href=\"https:\/\/zentrum-garage.ch\/fr\/assistance-en-cas-de-panne-et-daccident\/\">\n\t\t\t\t\t\tEn savoir plus\t\t\t\t\t<\/a>\n\t\t\t\t\t<\/div>\n\t\t\t\t\t\t\t<\/div>\n\t\t\t\t\t\t<\/div>\n\t\t\t\t<\/div>\n\t\t\t\t<\/div>\n\t\t\t\t\t<\/div>\n\t\t<\/div>\n\t\t\t\t<div class=\"elementor-column elementor-col-33 elementor-top-column elementor-element elementor-element-5a2885ba\" data-id=\"5a2885ba\" data-element_type=\"column\">\n\t\t\t<div class=\"elementor-widget-wrap elementor-element-populated\">\n\t\t\t\t\t\t\t\t<div class=\"elementor-element elementor-element-13cbb977 elementor-cta--valign-top elementor-cta--layout-image-above elementor-cta--skin-classic elementor-animated-content elementor-bg-transform elementor-bg-transform-zoom-in elementor-widget elementor-widget-call-to-action\" data-id=\"13cbb977\" data-element_type=\"widget\" data-widget_type=\"call-to-action.default\">\n\t\t\t\t<div class=\"elementor-widget-container\">\n\t\t\t\t\t<div class=\"elementor-cta\">\n\t\t\t\t\t\t\t<div class=\"elementor-cta__content\">\n\t\t\t\t\t\t\t\t\t<div class=\"elementor-content-item elementor-cta__content-item elementor-icon-wrapper elementor-cta__icon elementor-view-default\">\n\t\t\t\t\t\t<div class=\"elementor-icon\">\n\t\t\t\t\t\t\t<i aria-hidden=\"true\" class=\"fas fa-car\"><\/i>\t\t\t\t\t\t<\/div>\n\t\t\t\t\t<\/div>\n\t\t\t\t\n\t\t\t\t<h2 class=\"elementor-cta__title elementor-cta__content-item elementor-content-item\">V\u00e9hicules neufs ou d'occasion<\/h2>\n\t\t\t\t\t\t\t\t\t<div class=\"elementor-cta__description elementor-cta__content-item elementor-content-item\">\n\t\t\t\t\t\t<p>Vous \u00eates \u00e0 la recherche d'un nouveau v\u00e9hicule ?<\/p>\n\t\t\t\t\t<\/div>\n\t\t\t\t\n\t\t\t\t\t\t\t\t\t<div class=\"elementor-cta__button-wrapper elementor-cta__content-item elementor-content-item \">\n\t\t\t\t\t<a class=\"elementor-cta__button elementor-button elementor-size-sm\" href=\"https:\/\/zentrum-garage.ch\/fr\/vehicules-en-stock\/\">\n\t\t\t\t\t\tC'est parti pour voir notre stock\t\t\t\t\t<\/a>\n\t\t\t\t\t<\/div>\n\t\t\t\t\t\t\t<\/div>\n\t\t\t\t\t\t<\/div>\n\t\t\t\t<\/div>\n\t\t\t\t<\/div>\n\t\t\t\t\t<\/div>\n\t\t<\/div>\n\t\t\t\t\t\t\t<\/div>\n\t\t<\/section>\n\t\t\t\t<section class=\"elementor-section elementor-top-section elementor-element elementor-element-42f16893 elementor-section-boxed elementor-section-height-default elementor-section-height-default\" data-id=\"42f16893\" data-element_type=\"section\">\n\t\t\t\t\t\t<div class=\"elementor-container elementor-column-gap-default\">\n\t\t\t\t\t<div class=\"elementor-column elementor-col-100 elementor-top-column elementor-element elementor-element-18af1483\" data-id=\"18af1483\" data-element_type=\"column\">\n\t\t\t<div class=\"elementor-widget-wrap elementor-element-populated\">\n\t\t\t\t\t\t\t\t<div class=\"elementor-element elementor-element-5069d7a3 elementor-widget-divider--view-line_icon elementor-view-default elementor-widget-divider--element-align-center elementor-widget elementor-widget-divider\" data-id=\"5069d7a3\" data-element_type=\"widget\" data-widget_type=\"divider.default\">\n\t\t\t\t<div class=\"elementor-widget-container\">\n\t\t\t\t\t<div class=\"elementor-divider\">\n\t\t\t<span class=\"elementor-divider-separator\">\n\t\t\t\t\t\t\t<div class=\"elementor-icon elementor-divider__element\">\n\t\t\t\t\t<i aria-hidden=\"true\" class=\"fas fa-car\"><\/i><\/div>\n\t\t\t\t\t\t<\/span>\n\t\t<\/div>\n\t\t\t\t<\/div>\n\t\t\t\t<\/div>\n\t\t\t\t\t<\/div>\n\t\t<\/div>\n\t\t\t\t\t\t\t<\/div>\n\t\t<\/section>\n\t\t\t\t<section class=\"elementor-section elementor-top-section elementor-element elementor-element-1cd41ca elementor-section-boxed elementor-section-height-default elementor-section-height-default\" data-id=\"1cd41ca\" data-element_type=\"section\">\n\t\t\t\t\t\t<div class=\"elementor-container elementor-column-gap-default\">\n\t\t\t\t\t<div class=\"elementor-column elementor-col-100 elementor-top-column elementor-element elementor-element-1438022c\" data-id=\"1438022c\" data-element_type=\"column\">\n\t\t\t<div class=\"elementor-widget-wrap elementor-element-populated\">\n\t\t\t\t\t\t\t\t<div class=\"elementor-element elementor-element-562f29a elementor-widget elementor-widget-heading\" data-id=\"562f29a\" data-element_type=\"widget\" data-widget_type=\"heading.default\">\n\t\t\t\t<div class=\"elementor-widget-container\">\n\t\t\t<h2 class=\"elementor-heading-title elementor-size-default\">Plus d'articles du blog<\/h2>\t\t<\/div>\n\t\t\t\t<\/div>\n\t\t\t\t\t<\/div>\n\t\t<\/div>\n\t\t\t\t\t\t\t<\/div>\n\t\t<\/section>\n\t\t\t\t<section class=\"elementor-section elementor-top-section elementor-element elementor-element-31680d1f elementor-section-boxed elementor-section-height-default elementor-section-height-default\" data-id=\"31680d1f\" data-element_type=\"section\">\n\t\t\t\t\t\t<div class=\"elementor-container elementor-column-gap-default\">\n\t\t\t\t\t<div class=\"elementor-column elementor-col-100 elementor-top-column elementor-element elementor-element-4f6c6a21\" data-id=\"4f6c6a21\" data-element_type=\"column\">\n\t\t\t<div class=\"elementor-widget-wrap elementor-element-populated\">\n\t\t\t\t\t\t\t\t<div class=\"elementor-element elementor-element-605595bc elementor-widget elementor-widget-athemes-posts\" data-id=\"605595bc\" data-element_type=\"widget\" data-widget_type=\"athemes-posts.default\">\n\t\t\t\t<div class=\"elementor-widget-container\">\n\t\t\t\n\t\t<div class=\"panel-grid-cell\">\t\t\t<div class=\"latest-news-wrapper carousel owl-carousel row style1\">\n\t\t\t\t\t\t\t<div class=\"blog-post col-md-12\">\n\t\t\t\t\t\t\t\t\t<div class=\"entry-thumb\">\n\t\t\t\t\t\t<a href=\"https:\/\/zentrum-garage.ch\/fr\/batteries-automobiles\/\" title=\"Batteries automobiles\">\n\t\t\t\t\t\t\t<img loading=\"lazy\" decoding=\"async\" width=\"550\" height=\"400\" src=\"https:\/\/zentrum-garage.ch\/wp-content\/uploads\/2020\/09\/IMG_4865-550x400.jpg\" class=\"attachment-medium-thumb size-medium-thumb wp-post-image\" alt=\"Photo batteries de v\u00e9hicules\" \/>\t\t\t\t\t\t<\/a>\t\t\t\n\t\t\t\t\t<\/div>\t\n\t\t\t\t\t\t\t\t\t\t\n\t\t\t\t\t\t\t\t\t<div class=\"entry-meta delimiter-dot\">\n\t\t\t\t\t\t\t\t\t\t\t\t\t\t\t\t\n\t\t\t\t\t<\/div>\n\t\t\t\t\t\t\t\t<h4 class=\"entry-title\"><a href=\"https:\/\/zentrum-garage.ch\/fr\/batteries-automobiles\/\" rel=\"bookmark\">Batteries automobiles<\/a><\/h4>\t\t\t\t\t<div class=\"entry-summary\">\n\t\t\t\t\t<p>Le b.a.-ba de la batterie de voiture<\/p>\n<a class=\"ele-read-more\" href=\"https:\/\/zentrum-garage.ch\/fr\/batteries-automobiles\/\">&gt; Beitrag lesen<\/a><\/div>\n\t\t\t\t<\/div>\n\t\t\t\t\t\t\t<div class=\"blog-post col-md-12\">\n\t\t\t\t\t\t\t\t\t<div class=\"entry-thumb\">\n\t\t\t\t\t\t<a href=\"https:\/\/zentrum-garage.ch\/fr\/balais-dessuie-glace\/\" title=\"Balais d&rsquo;essuie-glace\">\n\t\t\t\t\t\t\t<img loading=\"lazy\" decoding=\"async\" width=\"550\" height=\"400\" src=\"https:\/\/zentrum-garage.ch\/wp-content\/uploads\/2020\/06\/Blog_Scheibenwischbl\u00e4tter-550x400.jpg\" class=\"attachment-medium-thumb size-medium-thumb wp-post-image\" alt=\"ScheibenwischblattBalai d&#039;essuie-glace\" \/>\t\t\t\t\t\t<\/a>\t\t\t\n\t\t\t\t\t<\/div>\t\n\t\t\t\t\t\t\t\t\t\t\n\t\t\t\t\t\t\t\t\t<div class=\"entry-meta delimiter-dot\">\n\t\t\t\t\t\t\t\t\t\t\t\t\t\t\t\t\n\t\t\t\t\t<\/div>\n\t\t\t\t\t\t\t\t<h4 class=\"entry-title\"><a href=\"https:\/\/zentrum-garage.ch\/fr\/balais-dessuie-glace\/\" rel=\"bookmark\">Balais d&rsquo;essuie-glace<\/a><\/h4>\t\t\t\t\t<div class=\"entry-summary\">\n\t\t\t\t\t<p>Quand remplacer les balais d&rsquo;essuie-glace ?<\/p>\n<a class=\"ele-read-more\" href=\"https:\/\/zentrum-garage.ch\/fr\/balais-dessuie-glace\/\">&gt; Beitrag lesen<\/a><\/div>\n\t\t\t\t<\/div>\n\t\t\t\t\t\t\t<div class=\"blog-post col-md-12\">\n\t\t\t\t\t\t\t\t\t<div class=\"entry-thumb\">\n\t\t\t\t\t\t<a href=\"https:\/\/zentrum-garage.ch\/fr\/explication-symboles-des-pneus\/\" title=\"Symboles des pneus\">\n\t\t\t\t\t\t\t<img loading=\"lazy\" decoding=\"async\" width=\"550\" height=\"400\" src=\"https:\/\/zentrum-garage.ch\/wp-content\/uploads\/2020\/03\/zgd_blog_reifen-550x400.jpeg\" class=\"attachment-medium-thumb size-medium-thumb wp-post-image\" alt=\"Marquage d&#039;un pneu de voiture\" \/>\t\t\t\t\t\t<\/a>\t\t\t\n\t\t\t\t\t<\/div>\t\n\t\t\t\t\t\t\t\t\t\t\n\t\t\t\t\t\t\t\t\t<div class=\"entry-meta delimiter-dot\">\n\t\t\t\t\t\t\t\t\t\t\t\t\t\t\t\t\n\t\t\t\t\t<\/div>\n\t\t\t\t\t\t\t\t<h4 class=\"entry-title\"><a href=\"https:\/\/zentrum-garage.ch\/fr\/explication-symboles-des-pneus\/\" rel=\"bookmark\">Symboles des pneus<\/a><\/h4>\t\t\t\t\t<div class=\"entry-summary\">\n\t\t\t\t\t<p>Explication des symboles et abr\u00e9viations figurant sur un pneu de voiture.<\/p>\n<a class=\"ele-read-more\" href=\"https:\/\/zentrum-garage.ch\/fr\/explication-symboles-des-pneus\/\">&gt; Beitrag lesen<\/a><\/div>\n\t\t\t\t<\/div>\n\t\t\t\t\t\t\t<div class=\"blog-post col-md-12\">\n\t\t\t\t\t\t\t\t\t<div class=\"entry-thumb\">\n\t\t\t\t\t\t<a href=\"https:\/\/zentrum-garage.ch\/fr\/disques-a-gratter\/\" title=\"Gratter les vitres\">\n\t\t\t\t\t\t\t<img loading=\"lazy\" decoding=\"async\" width=\"550\" height=\"400\" src=\"https:\/\/zentrum-garage.ch\/wp-content\/uploads\/2020\/03\/Scheibenkratzen-550x400.jpg\" class=\"attachment-medium-thumb size-medium-thumb wp-post-image\" alt=\"Photo d&#039;une fen\u00eatre glac\u00e9e.\" \/>\t\t\t\t\t\t<\/a>\t\t\t\n\t\t\t\t\t<\/div>\t\n\t\t\t\t\t\t\t\t\t\t\n\t\t\t\t\t\t\t\t\t<div class=\"entry-meta delimiter-dot\">\n\t\t\t\t\t\t\t\t\t\t\t\t\t\t\t\t\n\t\t\t\t\t<\/div>\n\t\t\t\t\t\t\t\t<h4 class=\"entry-title\"><a href=\"https:\/\/zentrum-garage.ch\/fr\/disques-a-gratter\/\" rel=\"bookmark\">Gratter les vitres<\/a><\/h4>\t\t\t\t\t<div class=\"entry-summary\">\n\t\t\t\t\t<p>Nos conseils pour gratter les vitres pendant la saison froide.<\/p>\n<a class=\"ele-read-more\" href=\"https:\/\/zentrum-garage.ch\/fr\/disques-a-gratter\/\">&gt; Beitrag lesen<\/a><\/div>\n\t\t\t\t<\/div>\n\t\t\t\t\t\t\t<div class=\"blog-post col-md-12\">\n\t\t\t\t\t\t\t\t\t<div class=\"entry-thumb\">\n\t\t\t\t\t\t<a href=\"https:\/\/zentrum-garage.ch\/fr\/avarie-de-martre\/\" title=\"D\u00e9g\u00e2t de fouines\">\n\t\t\t\t\t\t\t<img loading=\"lazy\" decoding=\"async\" width=\"550\" height=\"400\" src=\"https:\/\/zentrum-garage.ch\/wp-content\/uploads\/2019\/09\/Groupe-e-2-e1688893342894-550x400.jpg\" class=\"attachment-medium-thumb size-medium-thumb wp-post-image\" alt=\"D\u00e9g\u00e2ts caus\u00e9s par les martres photographiques\" \/>\t\t\t\t\t\t<\/a>\t\t\t\n\t\t\t\t\t<\/div>\t\n\t\t\t\t\t\t\t\t\t\t\n\t\t\t\t\t\t\t\t\t<div class=\"entry-meta delimiter-dot\">\n\t\t\t\t\t\t\t\t\t\t\t\t\t\t\t\t\n\t\t\t\t\t<\/div>\n\t\t\t\t\t\t\t\t<h4 class=\"entry-title\"><a href=\"https:\/\/zentrum-garage.ch\/fr\/avarie-de-martre\/\" rel=\"bookmark\">D\u00e9g\u00e2t de fouines<\/a><\/h4>\t\t\t\t\t<div class=\"entry-summary\">\n\t\t\t\t\t<p>Mieux vaut pr\u00e9venir que r\u00e9parer les d\u00e9g\u00e2ts caus\u00e9s par les martres.<\/p>\n<a class=\"ele-read-more\" href=\"https:\/\/zentrum-garage.ch\/fr\/avarie-de-martre\/\">&gt; Beitrag lesen<\/a><\/div>\n\t\t\t\t<\/div>\n\t\t\t\t\t\t\t<div class=\"blog-post col-md-12\">\n\t\t\t\t\t\t\t\t\t<div class=\"entry-thumb\">\n\t\t\t\t\t\t<a href=\"https:\/\/zentrum-garage.ch\/fr\/temoins-de-controle\/\" title=\"T\u00e9moins de contr\u00f4le\">\n\t\t\t\t\t\t\t<img loading=\"lazy\" decoding=\"async\" width=\"550\" height=\"366\" src=\"https:\/\/zentrum-garage.ch\/wp-content\/uploads\/2018\/04\/Cockpit.jpg\" class=\"attachment-medium-thumb size-medium-thumb wp-post-image\" alt=\"Renault Kadjar\" srcset=\"https:\/\/zentrum-garage.ch\/wp-content\/uploads\/2018\/04\/Cockpit.jpg 850w, https:\/\/zentrum-garage.ch\/wp-content\/uploads\/2018\/04\/Cockpit-300x200.jpg 300w, https:\/\/zentrum-garage.ch\/wp-content\/uploads\/2018\/04\/Cockpit-768x511.jpg 768w\" sizes=\"(max-width: 550px) 100vw, 550px\" \/>\t\t\t\t\t\t<\/a>\t\t\t\n\t\t\t\t\t<\/div>\t\n\t\t\t\t\t\t\t\t\t\t\n\t\t\t\t\t\t\t\t\t<div class=\"entry-meta delimiter-dot\">\n\t\t\t\t\t\t\t\t\t\t\t\t\t\t\t\t\n\t\t\t\t\t<\/div>\n\t\t\t\t\t\t\t\t<h4 class=\"entry-title\"><a href=\"https:\/\/zentrum-garage.ch\/fr\/temoins-de-controle\/\" rel=\"bookmark\">T\u00e9moins de contr\u00f4le<\/a><\/h4>\t\t\t\t\t<div class=\"entry-summary\">\n\t\t\t\t\t<p>Interpr\u00e9ter correctement les signaux d&rsquo;avertissement de la voiture.<\/p>\n<a class=\"ele-read-more\" href=\"https:\/\/zentrum-garage.ch\/fr\/temoins-de-controle\/\">&gt; Beitrag lesen<\/a><\/div>\n\t\t\t\t<\/div>\n\t\t\t\t\t\t\t<div class=\"blog-post col-md-12\">\n\t\t\t\t\t\t\t\t\t<div class=\"entry-thumb\">\n\t\t\t\t\t\t<a href=\"https:\/\/zentrum-garage.ch\/fr\/pieces-detachees-dorigine\/\" title=\"Pi\u00e8ces d\u00e9tach\u00e9es d\u2019origine\">\n\t\t\t\t\t\t\t<img loading=\"lazy\" decoding=\"async\" width=\"550\" height=\"310\" src=\"https:\/\/zentrum-garage.ch\/wp-content\/uploads\/2018\/04\/Ersatzteile.jpg\" class=\"attachment-medium-thumb size-medium-thumb wp-post-image\" alt=\"Pi\u00e8ces d\u00e9tach\u00e9es\" srcset=\"https:\/\/zentrum-garage.ch\/wp-content\/uploads\/2018\/04\/Ersatzteile.jpg 636w, https:\/\/zentrum-garage.ch\/wp-content\/uploads\/2018\/04\/Ersatzteile-300x169.jpg 300w\" sizes=\"(max-width: 550px) 100vw, 550px\" \/>\t\t\t\t\t\t<\/a>\t\t\t\n\t\t\t\t\t<\/div>\t\n\t\t\t\t\t\t\t\t\t\t\n\t\t\t\t\t\t\t\t\t<div class=\"entry-meta delimiter-dot\">\n\t\t\t\t\t\t\t\t\t\t\t\t\t\t\t\t\n\t\t\t\t\t<\/div>\n\t\t\t\t\t\t\t\t<h4 class=\"entry-title\"><a href=\"https:\/\/zentrum-garage.ch\/fr\/pieces-detachees-dorigine\/\" rel=\"bookmark\">Pi\u00e8ces d\u00e9tach\u00e9es d\u2019origine<\/a><\/h4>\t\t\t\t\t<div class=\"entry-summary\">\n\t\t\t\t\t<p>Des produits de qualit\u00e9 avec garantie.<\/p>\n<a class=\"ele-read-more\" href=\"https:\/\/zentrum-garage.ch\/fr\/pieces-detachees-dorigine\/\">&gt; Beitrag lesen<\/a><\/div>\n\t\t\t\t<\/div>\n\t\t\t\t\t\t\t<div class=\"blog-post col-md-12\">\n\t\t\t\t\t\t\t\t\t<div class=\"entry-thumb\">\n\t\t\t\t\t\t<a href=\"https:\/\/zentrum-garage.ch\/fr\/mobilite-pendant-que-votre-vehicule-est-a-latelier\/\" title=\"Mobilit\u00e9 pendant que votre v\u00e9hicule est \u00e0 l\u2019atelier\">\n\t\t\t\t\t\t\t<img loading=\"lazy\" decoding=\"async\" width=\"550\" height=\"310\" src=\"https:\/\/zentrum-garage.ch\/wp-content\/uploads\/2018\/04\/Abhol-und-Bringservice.jpg\" class=\"attachment-medium-thumb size-medium-thumb wp-post-image\" alt=\"Image du blog sur la mobilit\u00e9\" srcset=\"https:\/\/zentrum-garage.ch\/wp-content\/uploads\/2018\/04\/Abhol-und-Bringservice.jpg 636w, https:\/\/zentrum-garage.ch\/wp-content\/uploads\/2018\/04\/Abhol-und-Bringservice-300x169.jpg 300w\" sizes=\"(max-width: 550px) 100vw, 550px\" \/>\t\t\t\t\t\t<\/a>\t\t\t\n\t\t\t\t\t<\/div>\t\n\t\t\t\t\t\t\t\t\t\t\n\t\t\t\t\t\t\t\t\t<div class=\"entry-meta delimiter-dot\">\n\t\t\t\t\t\t\t\t\t\t\t\t\t\t\t\t\n\t\t\t\t\t<\/div>\n\t\t\t\t\t\t\t\t<h4 class=\"entry-title\"><a href=\"https:\/\/zentrum-garage.ch\/fr\/mobilite-pendant-que-votre-vehicule-est-a-latelier\/\" rel=\"bookmark\">Mobilit\u00e9 pendant que votre v\u00e9hicule est \u00e0 l\u2019atelier<\/a><\/h4>\t\t\t\t\t<div class=\"entry-summary\">\n\t\t\t\t\t<p>Voiture de remplacement, v\u00e9lo \u00e9lectrique ou service de transport.<\/p>\n<a class=\"ele-read-more\" href=\"https:\/\/zentrum-garage.ch\/fr\/mobilite-pendant-que-votre-vehicule-est-a-latelier\/\">&gt; Beitrag lesen<\/a><\/div>\n\t\t\t\t<\/div>\n\t\t\t\t\t\t\t<div class=\"blog-post col-md-12\">\n\t\t\t\t\t\t\t\t\t<div class=\"entry-thumb\">\n\t\t\t\t\t\t<a href=\"https:\/\/zentrum-garage.ch\/fr\/reparation-remplacement-de-vitres\/\" title=\"Pare-brise\">\n\t\t\t\t\t\t\t<img loading=\"lazy\" decoding=\"async\" width=\"300\" height=\"400\" src=\"https:\/\/zentrum-garage.ch\/wp-content\/uploads\/2018\/05\/20180514_090135-e1688893095862.jpg\" class=\"attachment-medium-thumb size-medium-thumb wp-post-image\" alt=\"Centre Garage D\u00fcdingen R\u00e9paration\/remplacement de pare-brise\" \/>\t\t\t\t\t\t<\/a>\t\t\t\n\t\t\t\t\t<\/div>\t\n\t\t\t\t\t\t\t\t\t\t\n\t\t\t\t\t\t\t\t\t<div class=\"entry-meta delimiter-dot\">\n\t\t\t\t\t\t\t\t\t\t\t\t\t\t\t\t\n\t\t\t\t\t<\/div>\n\t\t\t\t\t\t\t\t<h4 class=\"entry-title\"><a href=\"https:\/\/zentrum-garage.ch\/fr\/reparation-remplacement-de-vitres\/\" rel=\"bookmark\">Pare-brise<\/a><\/h4>\t\t\t\t\t<div class=\"entry-summary\">\n\t\t\t\t\t<p>Pare-brise endommag\u00e9 &#8211; r\u00e9parer ou remplacer ?<\/p>\n<a class=\"ele-read-more\" href=\"https:\/\/zentrum-garage.ch\/fr\/reparation-remplacement-de-vitres\/\">&gt; Beitrag lesen<\/a><\/div>\n\t\t\t\t<\/div>\n\t\t\t\t\t\t\t<div class=\"blog-post col-md-12\">\n\t\t\t\t\t\t\t\t\t<div class=\"entry-thumb\">\n\t\t\t\t\t\t<a href=\"https:\/\/zentrum-garage.ch\/fr\/disque-de-stationnement\/\" title=\"Disque de stationnement\">\n\t\t\t\t\t\t\t<img loading=\"lazy\" decoding=\"async\" width=\"550\" height=\"400\" src=\"https:\/\/zentrum-garage.ch\/wp-content\/uploads\/2018\/05\/Parkscheibe-e1554792266978-550x400.png\" class=\"attachment-medium-thumb size-medium-thumb wp-post-image\" alt=\"Disque de stationnement\" \/>\t\t\t\t\t\t<\/a>\t\t\t\n\t\t\t\t\t<\/div>\t\n\t\t\t\t\t\t\t\t\t\t\n\t\t\t\t\t\t\t\t\t<div class=\"entry-meta delimiter-dot\">\n\t\t\t\t\t\t\t\t\t\t\t\t\t\t\t\t\n\t\t\t\t\t<\/div>\n\t\t\t\t\t\t\t\t<h4 class=\"entry-title\"><a href=\"https:\/\/zentrum-garage.ch\/fr\/disque-de-stationnement\/\" rel=\"bookmark\">Disque de stationnement<\/a><\/h4>\t\t\t\t\t<div class=\"entry-summary\">\n\t\t\t\t\t<p>R\u00e9gler le disque de stationnement pour la zone bleue.<\/p>\n<a class=\"ele-read-more\" href=\"https:\/\/zentrum-garage.ch\/fr\/disque-de-stationnement\/\">&gt; Beitrag lesen<\/a><\/div>\n\t\t\t\t<\/div>\n\t\t\t\t\t\t\t<div class=\"blog-post col-md-12\">\n\t\t\t\t\t\t\t\t\t<div class=\"entry-thumb\">\n\t\t\t\t\t\t<a href=\"https:\/\/zentrum-garage.ch\/fr\/marquage-des-places-de-stationnements\/\" title=\"Marquage des places de stationnements\">\n\t\t\t\t\t\t\t<img loading=\"lazy\" decoding=\"async\" width=\"550\" height=\"358\" src=\"https:\/\/zentrum-garage.ch\/wp-content\/uploads\/2018\/05\/GzD_Parkplatz-e1554792248578-550x358.jpg\" class=\"attachment-medium-thumb size-medium-thumb wp-post-image\" alt=\"Marquage des parkings\" \/>\t\t\t\t\t\t<\/a>\t\t\t\n\t\t\t\t\t<\/div>\t\n\t\t\t\t\t\t\t\t\t\t\n\t\t\t\t\t\t\t\t\t<div class=\"entry-meta delimiter-dot\">\n\t\t\t\t\t\t\t\t\t\t\t\t\t\t\t\t\n\t\t\t\t\t<\/div>\n\t\t\t\t\t\t\t\t<h4 class=\"entry-title\"><a href=\"https:\/\/zentrum-garage.ch\/fr\/marquage-des-places-de-stationnements\/\" rel=\"bookmark\">Marquage des places de stationnements<\/a><\/h4>\t\t\t\t\t<div class=\"entry-summary\">\n\t\t\t\t\t<p>Les places de parking et leurs couleurs.<\/p>\n<a class=\"ele-read-more\" href=\"https:\/\/zentrum-garage.ch\/fr\/marquage-des-places-de-stationnements\/\">&gt; Beitrag lesen<\/a><\/div>\n\t\t\t\t<\/div>\n\t\t\t\t\t\t\t<div class=\"blog-post col-md-12\">\n\t\t\t\t\t\t\t\t\t<div class=\"entry-thumb\">\n\t\t\t\t\t\t<a href=\"https:\/\/zentrum-garage.ch\/fr\/adblue\/\" title=\"AdBlue\">\n\t\t\t\t\t\t\t<img loading=\"lazy\" decoding=\"async\" width=\"517\" height=\"380\" src=\"https:\/\/zentrum-garage.ch\/wp-content\/uploads\/2018\/05\/Adblue.jpg\" class=\"attachment-medium-thumb size-medium-thumb wp-post-image\" alt=\"Symbole de l&#039;Adblue tank\" srcset=\"https:\/\/zentrum-garage.ch\/wp-content\/uploads\/2018\/05\/Adblue.jpg 517w, https:\/\/zentrum-garage.ch\/wp-content\/uploads\/2018\/05\/Adblue-300x221.jpg 300w\" sizes=\"(max-width: 517px) 100vw, 517px\" \/>\t\t\t\t\t\t<\/a>\t\t\t\n\t\t\t\t\t<\/div>\t\n\t\t\t\t\t\t\t\t\t\t\n\t\t\t\t\t\t\t\t\t<div class=\"entry-meta delimiter-dot\">\n\t\t\t\t\t\t\t\t\t\t\t\t\t\t\t\t\n\t\t\t\t\t<\/div>\n\t\t\t\t\t\t\t\t<h4 class=\"entry-title\"><a href=\"https:\/\/zentrum-garage.ch\/fr\/adblue\/\" rel=\"bookmark\">AdBlue<\/a><\/h4>\t\t\t\t\t<div class=\"entry-summary\">\n\t\t\t\t\t<p>Veuillez ajouter de l&rsquo;AdBlue &#8211; encore 2&rsquo;400 km.<\/p>\n<a class=\"ele-read-more\" href=\"https:\/\/zentrum-garage.ch\/fr\/adblue\/\">&gt; Beitrag lesen<\/a><\/div>\n\t\t\t\t<\/div>\n\t\t\t\t\t\t\t<div class=\"blog-post col-md-12\">\n\t\t\t\t\t\t\t\t\t<div class=\"entry-thumb\">\n\t\t\t\t\t\t<a href=\"https:\/\/zentrum-garage.ch\/fr\/changement-de-roues-et-de-pneus\/\" title=\"Changement de roues et de pneus\">\n\t\t\t\t\t\t\t<img loading=\"lazy\" decoding=\"async\" width=\"550\" height=\"400\" src=\"https:\/\/zentrum-garage.ch\/wp-content\/uploads\/2018\/09\/Radwechsel-550x400.jpg\" class=\"attachment-medium-thumb size-medium-thumb wp-post-image\" alt=\"Image pour le changement de roue des billets de blog\" \/>\t\t\t\t\t\t<\/a>\t\t\t\n\t\t\t\t\t<\/div>\t\n\t\t\t\t\t\t\t\t\t\t\n\t\t\t\t\t\t\t\t\t<div class=\"entry-meta delimiter-dot\">\n\t\t\t\t\t\t\t\t\t\t\t\t\t\t\t\t\n\t\t\t\t\t<\/div>\n\t\t\t\t\t\t\t\t<h4 class=\"entry-title\"><a href=\"https:\/\/zentrum-garage.ch\/fr\/changement-de-roues-et-de-pneus\/\" rel=\"bookmark\">Changement de roues et de pneus<\/a><\/h4>\t\t\t\t\t<div class=\"entry-summary\">\n\t\t\t\t\t<p>La temp\u00e9rature d\u00e9termine le changement de pneus.<\/p>\n<a class=\"ele-read-more\" href=\"https:\/\/zentrum-garage.ch\/fr\/changement-de-roues-et-de-pneus\/\">&gt; Beitrag lesen<\/a><\/div>\n\t\t\t\t<\/div>\n\t\t\t\t\t\t<\/div>\n\t\t<\/div>\n\n\t\t\t\t\t\t\t\t\t\n\t\t\t\n\t\t\n\t\t\t\t<\/div>\n\t\t\t\t<\/div>\n\t\t\t\t\t<\/div>\n\t\t<\/div>\n\t\t\t\t\t\t\t<\/div>\n\t\t<\/section>\n\t\t\t\t<section class=\"elementor-section elementor-top-section elementor-element elementor-element-54a58f85 elementor-section-boxed elementor-section-height-default elementor-section-height-default\" data-id=\"54a58f85\" data-element_type=\"section\">\n\t\t\t\t\t\t<div class=\"elementor-container elementor-column-gap-default\">\n\t\t\t\t\t<div class=\"elementor-column elementor-col-100 elementor-top-column elementor-element elementor-element-36cf69bc\" data-id=\"36cf69bc\" data-element_type=\"column\">\n\t\t\t<div class=\"elementor-widget-wrap elementor-element-populated\">\n\t\t\t\t\t\t\t\t<div class=\"elementor-element elementor-element-61b8be1 elementor-view-default elementor-widget elementor-widget-icon\" data-id=\"61b8be1\" data-element_type=\"widget\" data-widget_type=\"icon.default\">\n\t\t\t\t<div class=\"elementor-widget-container\">\n\t\t\t\t\t<div class=\"elementor-icon-wrapper\">\n\t\t\t<a class=\"elementor-icon\" href=\"#up\">\n\t\t\t<i aria-hidden=\"true\" class=\"fas fa-arrow-up\"><\/i>\t\t\t<\/a>\n\t\t<\/div>\n\t\t\t\t<\/div>\n\t\t\t\t<\/div>\n\t\t\t\t\t<\/div>\n\t\t<\/div>\n\t\t\t\t\t\t\t<\/div>\n\t\t<\/section>\n\t\t\t\t\t\t\t<\/div>\n\t\t","protected":false},"excerpt":{"rendered":"<p>Mieux vaut pr\u00e9venir que r\u00e9parer les d\u00e9g\u00e2ts caus\u00e9s par les martres.<\/p>\n","protected":false},"author":1,"featured_media":2139,"comment_status":"closed","ping_status":"open","sticky":false,"template":"elementor_header_footer","format":"standard","meta":{"inline_featured_image":false,"footnotes":""},"categories":[1],"tags":[],"aioseo_notices":[],"_links":{"self":[{"href":"https:\/\/zentrum-garage.ch\/fr\/wp-json\/wp\/v2\/posts\/2163"}],"collection":[{"href":"https:\/\/zentrum-garage.ch\/fr\/wp-json\/wp\/v2\/posts"}],"about":[{"href":"https:\/\/zentrum-garage.ch\/fr\/wp-json\/wp\/v2\/types\/post"}],"author":[{"embeddable":true,"href":"https:\/\/zentrum-garage.ch\/fr\/wp-json\/wp\/v2\/users\/1"}],"replies":[{"embeddable":true,"href":"https:\/\/zentrum-garage.ch\/fr\/wp-json\/wp\/v2\/comments?post=2163"}],"version-history":[{"count":16,"href":"https:\/\/zentrum-garage.ch\/fr\/wp-json\/wp\/v2\/posts\/2163\/revisions"}],"predecessor-version":[{"id":38306,"href":"https:\/\/zentrum-garage.ch\/fr\/wp-json\/wp\/v2\/posts\/2163\/revisions\/38306"}],"wp:featuredmedia":[{"embeddable":true,"href":"https:\/\/zentrum-garage.ch\/fr\/wp-json\/wp\/v2\/media\/2139"}],"wp:attachment":[{"href":"https:\/\/zentrum-garage.ch\/fr\/wp-json\/wp\/v2\/media?parent=2163"}],"wp:term":[{"taxonomy":"category","embeddable":true,"href":"https:\/\/zentrum-garage.ch\/fr\/wp-json\/wp\/v2\/categories?post=2163"},{"taxonomy":"post_tag","embeddable":true,"href":"https:\/\/zentrum-garage.ch\/fr\/wp-json\/wp\/v2\/tags?post=2163"}],"curies":[{"name":"wp","href":"https:\/\/api.w.org\/{rel}","templated":true}]}}