{"id":32742,"date":"2020-03-24T10:37:58","date_gmt":"2020-03-24T10:37:58","guid":{"rendered":"http:\/\/zentrum-garage.ch\/explication-symboles-des-pneus\/"},"modified":"2023-07-09T09:08:42","modified_gmt":"2023-07-09T09:08:42","slug":"explication-symboles-des-pneus","status":"publish","type":"post","link":"https:\/\/zentrum-garage.ch\/fr\/explication-symboles-des-pneus\/","title":{"rendered":"Symboles des pneus"},"content":{"rendered":"\t\t<div data-elementor-type=\"wp-post\" data-elementor-id=\"32742\" class=\"elementor elementor-32742 elementor-32737\">\n\t\t\t\t\t\t\t\t\t<section class=\"elementor-section elementor-top-section elementor-element elementor-element-491665a5 elementor-section-full_width elementor-section-height-min-height elementor-section-stretched elementor-section-height-default elementor-section-items-middle\" data-id=\"491665a5\" data-element_type=\"section\" data-settings=\"{&quot;stretch_section&quot;:&quot;section-stretched&quot;}\">\n\t\t\t\t\t\t\t<div class=\"elementor-background-overlay\"><\/div>\n\t\t\t\t\t\t\t<div class=\"elementor-container elementor-column-gap-default\">\n\t\t\t\t\t<div class=\"elementor-column elementor-col-100 elementor-top-column elementor-element elementor-element-5f74a1e5\" data-id=\"5f74a1e5\" data-element_type=\"column\">\n\t\t\t<div class=\"elementor-widget-wrap elementor-element-populated\">\n\t\t\t\t\t\t\t\t<div class=\"elementor-element elementor-element-2c2638f2 elementor-widget elementor-widget-menu-anchor\" data-id=\"2c2638f2\" data-element_type=\"widget\" data-widget_type=\"menu-anchor.default\">\n\t\t\t\t<div class=\"elementor-widget-container\">\n\t\t\t\t\t<div id=\"up\" class=\"elementor-menu-anchor\"><\/div>\n\t\t\t\t<\/div>\n\t\t\t\t<\/div>\n\t\t\t\t<div class=\"elementor-element elementor-element-fc55631 elementor-widget elementor-widget-theme-post-featured-image elementor-widget-image\" data-id=\"fc55631\" data-element_type=\"widget\" data-widget_type=\"theme-post-featured-image.default\">\n\t\t\t\t<div class=\"elementor-widget-container\">\n\t\t\t\t\t\t\t\t\t\t\t\t\t\t\t<img loading=\"lazy\" decoding=\"async\" width=\"1280\" height=\"854\" src=\"https:\/\/zentrum-garage.ch\/wp-content\/uploads\/2020\/03\/zgd_blog_reifen.jpeg\" class=\"attachment-full size-full wp-image-34742\" alt=\"Marquage d&#039;un pneu de voiture\" srcset=\"https:\/\/zentrum-garage.ch\/wp-content\/uploads\/2020\/03\/zgd_blog_reifen.jpeg 1280w, https:\/\/zentrum-garage.ch\/wp-content\/uploads\/2020\/03\/zgd_blog_reifen-300x200.jpeg 300w, https:\/\/zentrum-garage.ch\/wp-content\/uploads\/2020\/03\/zgd_blog_reifen-1024x683.jpeg 1024w, https:\/\/zentrum-garage.ch\/wp-content\/uploads\/2020\/03\/zgd_blog_reifen-768x512.jpeg 768w, https:\/\/zentrum-garage.ch\/wp-content\/uploads\/2020\/03\/zgd_blog_reifen-830x554.jpeg 830w, https:\/\/zentrum-garage.ch\/wp-content\/uploads\/2020\/03\/zgd_blog_reifen-230x153.jpeg 230w, https:\/\/zentrum-garage.ch\/wp-content\/uploads\/2020\/03\/zgd_blog_reifen-350x234.jpeg 350w, https:\/\/zentrum-garage.ch\/wp-content\/uploads\/2020\/03\/zgd_blog_reifen-480x320.jpeg 480w\" sizes=\"(max-width: 1280px) 100vw, 1280px\" \/>\t\t\t\t\t\t\t\t\t\t\t\t\t\t\t<\/div>\n\t\t\t\t<\/div>\n\t\t\t\t\t<\/div>\n\t\t<\/div>\n\t\t\t\t\t\t\t<\/div>\n\t\t<\/section>\n\t\t\t\t<section class=\"elementor-section elementor-top-section elementor-element elementor-element-1fe192ac elementor-section-boxed elementor-section-height-default elementor-section-height-default\" data-id=\"1fe192ac\" data-element_type=\"section\">\n\t\t\t\t\t\t<div class=\"elementor-container elementor-column-gap-default\">\n\t\t\t\t\t<div class=\"elementor-column elementor-col-100 elementor-top-column elementor-element elementor-element-4f0425db\" data-id=\"4f0425db\" data-element_type=\"column\">\n\t\t\t<div class=\"elementor-widget-wrap elementor-element-populated\">\n\t\t\t\t\t\t\t\t<div class=\"elementor-element elementor-element-2fe2253 elementor-widget elementor-widget-theme-post-title elementor-page-title elementor-widget-heading\" data-id=\"2fe2253\" data-element_type=\"widget\" data-widget_type=\"theme-post-title.default\">\n\t\t\t\t<div class=\"elementor-widget-container\">\n\t\t\t<h1 class=\"elementor-heading-title elementor-size-default\">Symboles des pneus<\/h1>\t\t<\/div>\n\t\t\t\t<\/div>\n\t\t\t\t\t<\/div>\n\t\t<\/div>\n\t\t\t\t\t\t\t<\/div>\n\t\t<\/section>\n\t\t\t\t<section class=\"elementor-section elementor-top-section elementor-element elementor-element-3e6797ce elementor-section-boxed elementor-section-height-default elementor-section-height-default\" data-id=\"3e6797ce\" data-element_type=\"section\">\n\t\t\t\t\t\t<div class=\"elementor-container elementor-column-gap-default\">\n\t\t\t\t\t<div class=\"elementor-column elementor-col-100 elementor-top-column elementor-element elementor-element-2e42785b\" data-id=\"2e42785b\" data-element_type=\"column\">\n\t\t\t<div class=\"elementor-widget-wrap elementor-element-populated\">\n\t\t\t\t\t\t\t\t<div class=\"elementor-element elementor-element-519e797b elementor-widget-divider--view-line_icon elementor-view-default elementor-widget-divider--element-align-center elementor-widget elementor-widget-divider\" data-id=\"519e797b\" data-element_type=\"widget\" data-widget_type=\"divider.default\">\n\t\t\t\t<div class=\"elementor-widget-container\">\n\t\t\t\t\t<div class=\"elementor-divider\">\n\t\t\t<span class=\"elementor-divider-separator\">\n\t\t\t\t\t\t\t<div class=\"elementor-icon elementor-divider__element\">\n\t\t\t\t\t<i aria-hidden=\"true\" class=\"fas fa-car\"><\/i><\/div>\n\t\t\t\t\t\t<\/span>\n\t\t<\/div>\n\t\t\t\t<\/div>\n\t\t\t\t<\/div>\n\t\t\t\t\t<\/div>\n\t\t<\/div>\n\t\t\t\t\t\t\t<\/div>\n\t\t<\/section>\n\t\t\t\t<section class=\"elementor-section elementor-top-section elementor-element elementor-element-786e8da2 elementor-section-boxed elementor-section-height-default elementor-section-height-default\" data-id=\"786e8da2\" data-element_type=\"section\">\n\t\t\t\t\t\t<div class=\"elementor-container elementor-column-gap-default\">\n\t\t\t\t\t<div class=\"elementor-column elementor-col-100 elementor-top-column elementor-element elementor-element-62e92c0e\" data-id=\"62e92c0e\" data-element_type=\"column\">\n\t\t\t<div class=\"elementor-widget-wrap elementor-element-populated\">\n\t\t\t\t\t\t\t\t<div class=\"elementor-element elementor-element-55078e2b elementor-widget elementor-widget-heading\" data-id=\"55078e2b\" data-element_type=\"widget\" data-widget_type=\"heading.default\">\n\t\t\t\t<div class=\"elementor-widget-container\">\n\t\t\t<h2 class=\"elementor-heading-title elementor-size-default\">Que signifient les symboles et les abr\u00e9viations sur les pneus de voiture ?<\/h2>\t\t<\/div>\n\t\t\t\t<\/div>\n\t\t\t\t<div class=\"elementor-element elementor-element-1677012 elementor-widget elementor-widget-text-editor\" data-id=\"1677012\" data-element_type=\"widget\" data-widget_type=\"text-editor.default\">\n\t\t\t\t<div class=\"elementor-widget-container\">\n\t\t\t\t\t\t\t<p>C&rsquo;est avec plaisir que nous apportons quelques clarifications \u00e0 l&rsquo;aide de l&rsquo;illustration.<\/p>\n\t\t\t\t\t\t<\/div>\n\t\t\t\t<\/div>\n\t\t\t\t<div class=\"elementor-element elementor-element-5018637 elementor-widget elementor-widget-image\" data-id=\"5018637\" data-element_type=\"widget\" data-widget_type=\"image.default\">\n\t\t\t\t<div class=\"elementor-widget-container\">\n\t\t\t\t\t\t\t\t\t\t\t\t\t\t\t<img loading=\"lazy\" decoding=\"async\" width=\"724\" height=\"1024\" src=\"https:\/\/zentrum-garage.ch\/wp-content\/uploads\/2020\/03\/0001-2-724x1024.jpg\" class=\"attachment-large size-large wp-image-32749\" alt=\"\" srcset=\"https:\/\/zentrum-garage.ch\/wp-content\/uploads\/2020\/03\/0001-2-724x1024.jpg 724w, https:\/\/zentrum-garage.ch\/wp-content\/uploads\/2020\/03\/0001-2-212x300.jpg 212w, https:\/\/zentrum-garage.ch\/wp-content\/uploads\/2020\/03\/0001-2-768x1086.jpg 768w, https:\/\/zentrum-garage.ch\/wp-content\/uploads\/2020\/03\/0001-2-1086x1536.jpg 1086w, https:\/\/zentrum-garage.ch\/wp-content\/uploads\/2020\/03\/0001-2-1448x2048.jpg 1448w, https:\/\/zentrum-garage.ch\/wp-content\/uploads\/2020\/03\/0001-2-830x1174.jpg 830w, https:\/\/zentrum-garage.ch\/wp-content\/uploads\/2020\/03\/0001-2-230x325.jpg 230w, https:\/\/zentrum-garage.ch\/wp-content\/uploads\/2020\/03\/0001-2-350x495.jpg 350w, https:\/\/zentrum-garage.ch\/wp-content\/uploads\/2020\/03\/0001-2-480x679.jpg 480w, https:\/\/zentrum-garage.ch\/wp-content\/uploads\/2020\/03\/0001-2-scaled.jpg 1811w\" sizes=\"(max-width: 724px) 100vw, 724px\" \/>\t\t\t\t\t\t\t\t\t\t\t\t\t\t\t<\/div>\n\t\t\t\t<\/div>\n\t\t\t\t<div class=\"elementor-element elementor-element-f6055ac elementor-widget elementor-widget-text-editor\" data-id=\"f6055ac\" data-element_type=\"widget\" data-widget_type=\"text-editor.default\">\n\t\t\t\t<div class=\"elementor-widget-container\">\n\t\t\t\t\t\t\t<p><strong>Vous avez d&rsquo;autres questions ?<\/strong><\/p>\n<p>Alors n&rsquo;h\u00e9sitez pas \u00e0 nous contacter. Nous vous conseillerons volontiers et chercherons pour vous le pneu adapt\u00e9 \u00e0 votre v\u00e9hicule.<\/p>\n\t\t\t\t\t\t<\/div>\n\t\t\t\t<\/div>\n\t\t\t\t\t<\/div>\n\t\t<\/div>\n\t\t\t\t\t\t\t<\/div>\n\t\t<\/section>\n\t\t\t\t<section class=\"elementor-section elementor-top-section elementor-element elementor-element-7cd41ce2 elementor-section-boxed elementor-section-height-default elementor-section-height-default\" data-id=\"7cd41ce2\" data-element_type=\"section\">\n\t\t\t\t\t\t<div class=\"elementor-container elementor-column-gap-default\">\n\t\t\t\t\t<div class=\"elementor-column elementor-col-100 elementor-top-column elementor-element elementor-element-4c613ef6\" data-id=\"4c613ef6\" data-element_type=\"column\">\n\t\t\t<div class=\"elementor-widget-wrap elementor-element-populated\">\n\t\t\t\t\t\t\t\t<div class=\"elementor-element elementor-element-751edc33 elementor-widget-divider--view-line_icon elementor-view-default elementor-widget-divider--element-align-center elementor-widget elementor-widget-divider\" data-id=\"751edc33\" data-element_type=\"widget\" data-widget_type=\"divider.default\">\n\t\t\t\t<div class=\"elementor-widget-container\">\n\t\t\t\t\t<div class=\"elementor-divider\">\n\t\t\t<span class=\"elementor-divider-separator\">\n\t\t\t\t\t\t\t<div class=\"elementor-icon elementor-divider__element\">\n\t\t\t\t\t<i aria-hidden=\"true\" class=\"fas fa-car\"><\/i><\/div>\n\t\t\t\t\t\t<\/span>\n\t\t<\/div>\n\t\t\t\t<\/div>\n\t\t\t\t<\/div>\n\t\t\t\t\t<\/div>\n\t\t<\/div>\n\t\t\t\t\t\t\t<\/div>\n\t\t<\/section>\n\t\t\t\t<section class=\"elementor-section elementor-top-section elementor-element elementor-element-2d668a9b elementor-section-boxed elementor-section-height-default elementor-section-height-default\" data-id=\"2d668a9b\" data-element_type=\"section\">\n\t\t\t\t\t\t<div class=\"elementor-container elementor-column-gap-default\">\n\t\t\t\t\t<div class=\"elementor-column elementor-col-33 elementor-top-column elementor-element elementor-element-6694dcff\" data-id=\"6694dcff\" data-element_type=\"column\">\n\t\t\t<div class=\"elementor-widget-wrap elementor-element-populated\">\n\t\t\t\t\t\t\t\t<div class=\"elementor-element elementor-element-106499ac elementor-cta--valign-top elementor-cta--layout-image-above elementor-cta--skin-classic elementor-animated-content elementor-bg-transform elementor-bg-transform-zoom-in elementor-widget elementor-widget-call-to-action\" data-id=\"106499ac\" data-element_type=\"widget\" data-widget_type=\"call-to-action.default\">\n\t\t\t\t<div class=\"elementor-widget-container\">\n\t\t\t\t\t<div class=\"elementor-cta\">\n\t\t\t\t\t\t\t<div class=\"elementor-cta__content\">\n\t\t\t\t\t\t\t\t\t<div class=\"elementor-content-item elementor-cta__content-item elementor-icon-wrapper elementor-cta__icon elementor-view-default\">\n\t\t\t\t\t\t<div class=\"elementor-icon\">\n\t\t\t\t\t\t\t<i aria-hidden=\"true\" class=\"far fa-calendar-alt\"><\/i>\t\t\t\t\t\t<\/div>\n\t\t\t\t\t<\/div>\n\t\t\t\t\n\t\t\t\t<h2 class=\"elementor-cta__title elementor-cta__content-item elementor-content-item\">Rendez-vous en ligne<\/h2>\n\t\t\t\t\t\t\t\t\t<div class=\"elementor-cta__description elementor-cta__content-item elementor-content-item\">\n\t\t\t\t\t\t<p>R\u00e9servez en ligne un rendez-vous \u00e0 l'atelier.<\/p>\n\t\t\t\t\t<\/div>\n\t\t\t\t\n\t\t\t\t\t\t\t\t\t<div class=\"elementor-cta__button-wrapper elementor-cta__content-item elementor-content-item \">\n\t\t\t\t\t<a class=\"elementor-cta__button elementor-button elementor-size-sm\" href=\"https:\/\/zentrum-garage.sopl.ch\/de\/\" target=\"_blank\">\n\t\t\t\t\t\tPrendre rendez-vous\t\t\t\t\t<\/a>\n\t\t\t\t\t<\/div>\n\t\t\t\t\t\t\t<\/div>\n\t\t\t\t\t\t<\/div>\n\t\t\t\t<\/div>\n\t\t\t\t<\/div>\n\t\t\t\t\t<\/div>\n\t\t<\/div>\n\t\t\t\t<div class=\"elementor-column elementor-col-33 elementor-top-column elementor-element elementor-element-53ddd31c\" data-id=\"53ddd31c\" data-element_type=\"column\">\n\t\t\t<div class=\"elementor-widget-wrap elementor-element-populated\">\n\t\t\t\t\t\t\t\t<div class=\"elementor-element elementor-element-1287b046 elementor-cta--valign-top elementor-cta--layout-image-above elementor-cta--skin-classic elementor-animated-content elementor-bg-transform elementor-bg-transform-zoom-in elementor-widget elementor-widget-call-to-action\" data-id=\"1287b046\" data-element_type=\"widget\" data-widget_type=\"call-to-action.default\">\n\t\t\t\t<div class=\"elementor-widget-container\">\n\t\t\t\t\t<div class=\"elementor-cta\">\n\t\t\t\t\t\t\t<div class=\"elementor-cta__content\">\n\t\t\t\t\t\t\t\t\t<div class=\"elementor-content-item elementor-cta__content-item elementor-icon-wrapper elementor-cta__icon elementor-view-default\">\n\t\t\t\t\t\t<div class=\"elementor-icon\">\n\t\t\t\t\t\t\t<i aria-hidden=\"true\" class=\"fas fa-car-crash\"><\/i>\t\t\t\t\t\t<\/div>\n\t\t\t\t\t<\/div>\n\t\t\t\t\n\t\t\t\t<h2 class=\"elementor-cta__title elementor-cta__content-item elementor-content-item\">AutoAssistance Walther<\/h2>\n\t\t\t\t\t\t\t\t\t<div class=\"elementor-cta__description elementor-cta__content-item elementor-content-item\">\n\t\t\t\t\t\t<p>Panne de voiture ou accident ? Nos d\u00e9panneurs sont sur la route 24h\/24.<\/p>\n\t\t\t\t\t<\/div>\n\t\t\t\t\n\t\t\t\t\t\t\t\t\t<div class=\"elementor-cta__button-wrapper elementor-cta__content-item elementor-content-item \">\n\t\t\t\t\t<a class=\"elementor-cta__button elementor-button elementor-size-sm\" href=\"https:\/\/zentrum-garage.ch\/assistance-en-cas-de-panne-et-daccident\/?lang=fr\">\n\t\t\t\t\t\tEn savoir plus\t\t\t\t\t<\/a>\n\t\t\t\t\t<\/div>\n\t\t\t\t\t\t\t<\/div>\n\t\t\t\t\t\t<\/div>\n\t\t\t\t<\/div>\n\t\t\t\t<\/div>\n\t\t\t\t\t<\/div>\n\t\t<\/div>\n\t\t\t\t<div class=\"elementor-column elementor-col-33 elementor-top-column elementor-element elementor-element-6726df21\" data-id=\"6726df21\" data-element_type=\"column\">\n\t\t\t<div class=\"elementor-widget-wrap elementor-element-populated\">\n\t\t\t\t\t\t\t\t<div class=\"elementor-element elementor-element-55ac19d elementor-cta--valign-top elementor-cta--layout-image-above elementor-cta--skin-classic elementor-animated-content elementor-bg-transform elementor-bg-transform-zoom-in elementor-widget elementor-widget-call-to-action\" data-id=\"55ac19d\" data-element_type=\"widget\" data-widget_type=\"call-to-action.default\">\n\t\t\t\t<div class=\"elementor-widget-container\">\n\t\t\t\t\t<div class=\"elementor-cta\">\n\t\t\t\t\t\t\t<div class=\"elementor-cta__content\">\n\t\t\t\t\t\t\t\t\t<div class=\"elementor-content-item elementor-cta__content-item elementor-icon-wrapper elementor-cta__icon elementor-view-default\">\n\t\t\t\t\t\t<div class=\"elementor-icon\">\n\t\t\t\t\t\t\t<i aria-hidden=\"true\" class=\"fas fa-car\"><\/i>\t\t\t\t\t\t<\/div>\n\t\t\t\t\t<\/div>\n\t\t\t\t\n\t\t\t\t<h2 class=\"elementor-cta__title elementor-cta__content-item elementor-content-item\">Voitures neuves ou d'occasion<\/h2>\n\t\t\t\t\t\t\t\t\t<div class=\"elementor-cta__description elementor-cta__content-item elementor-content-item\">\n\t\t\t\t\t\t<p>Vous \u00eates \u00e0 la recherche d'une nouvelle voiture ?<\/p>\n\t\t\t\t\t<\/div>\n\t\t\t\t\n\t\t\t\t\t\t\t\t\t<div class=\"elementor-cta__button-wrapper elementor-cta__content-item elementor-content-item \">\n\t\t\t\t\t<a class=\"elementor-cta__button elementor-button elementor-size-sm\" href=\"https:\/\/zentrum-garage.ch\/vehicules-en-stock\/?lang=fr\">\n\t\t\t\t\t\tC'est parti pour voir notre stock\t\t\t\t\t<\/a>\n\t\t\t\t\t<\/div>\n\t\t\t\t\t\t\t<\/div>\n\t\t\t\t\t\t<\/div>\n\t\t\t\t<\/div>\n\t\t\t\t<\/div>\n\t\t\t\t\t<\/div>\n\t\t<\/div>\n\t\t\t\t\t\t\t<\/div>\n\t\t<\/section>\n\t\t\t\t<section class=\"elementor-section elementor-top-section elementor-element elementor-element-6c8e24d1 elementor-section-boxed elementor-section-height-default elementor-section-height-default\" data-id=\"6c8e24d1\" data-element_type=\"section\">\n\t\t\t\t\t\t<div class=\"elementor-container elementor-column-gap-default\">\n\t\t\t\t\t<div class=\"elementor-column elementor-col-100 elementor-top-column elementor-element elementor-element-34b02c2d\" data-id=\"34b02c2d\" data-element_type=\"column\">\n\t\t\t<div class=\"elementor-widget-wrap elementor-element-populated\">\n\t\t\t\t\t\t\t\t<div class=\"elementor-element elementor-element-8ef45f6 elementor-widget-divider--view-line_icon elementor-view-default elementor-widget-divider--element-align-center elementor-widget elementor-widget-divider\" data-id=\"8ef45f6\" data-element_type=\"widget\" data-widget_type=\"divider.default\">\n\t\t\t\t<div class=\"elementor-widget-container\">\n\t\t\t\t\t<div class=\"elementor-divider\">\n\t\t\t<span class=\"elementor-divider-separator\">\n\t\t\t\t\t\t\t<div class=\"elementor-icon elementor-divider__element\">\n\t\t\t\t\t<i aria-hidden=\"true\" class=\"fas fa-car\"><\/i><\/div>\n\t\t\t\t\t\t<\/span>\n\t\t<\/div>\n\t\t\t\t<\/div>\n\t\t\t\t<\/div>\n\t\t\t\t\t<\/div>\n\t\t<\/div>\n\t\t\t\t\t\t\t<\/div>\n\t\t<\/section>\n\t\t\t\t<section class=\"elementor-section elementor-top-section elementor-element elementor-element-dfa9e1a elementor-section-boxed elementor-section-height-default elementor-section-height-default\" data-id=\"dfa9e1a\" data-element_type=\"section\">\n\t\t\t\t\t\t<div class=\"elementor-container elementor-column-gap-default\">\n\t\t\t\t\t<div class=\"elementor-column elementor-col-100 elementor-top-column elementor-element elementor-element-4d3b1ec0\" data-id=\"4d3b1ec0\" data-element_type=\"column\">\n\t\t\t<div class=\"elementor-widget-wrap elementor-element-populated\">\n\t\t\t\t\t\t\t\t<div class=\"elementor-element elementor-element-64ec09f elementor-widget elementor-widget-heading\" data-id=\"64ec09f\" data-element_type=\"widget\" data-widget_type=\"heading.default\">\n\t\t\t\t<div class=\"elementor-widget-container\">\n\t\t\t<h2 class=\"elementor-heading-title elementor-size-default\">Plus d'articles du blog<\/h2>\t\t<\/div>\n\t\t\t\t<\/div>\n\t\t\t\t\t<\/div>\n\t\t<\/div>\n\t\t\t\t\t\t\t<\/div>\n\t\t<\/section>\n\t\t\t\t<section class=\"elementor-section elementor-top-section elementor-element elementor-element-273e780b elementor-section-boxed elementor-section-height-default elementor-section-height-default\" data-id=\"273e780b\" data-element_type=\"section\">\n\t\t\t\t\t\t<div class=\"elementor-container elementor-column-gap-default\">\n\t\t\t\t\t<div class=\"elementor-column elementor-col-100 elementor-top-column elementor-element elementor-element-4588255f\" data-id=\"4588255f\" data-element_type=\"column\">\n\t\t\t<div class=\"elementor-widget-wrap elementor-element-populated\">\n\t\t\t\t\t\t\t\t<div class=\"elementor-element elementor-element-72921f1b elementor-widget elementor-widget-athemes-posts\" data-id=\"72921f1b\" data-element_type=\"widget\" data-widget_type=\"athemes-posts.default\">\n\t\t\t\t<div class=\"elementor-widget-container\">\n\t\t\t\n\t\t<div class=\"panel-grid-cell\">\t\t\t<div class=\"latest-news-wrapper carousel owl-carousel row style1\">\n\t\t\t\t\t\t\t<div class=\"blog-post col-md-12\">\n\t\t\t\t\t\t\t\t\t<div class=\"entry-thumb\">\n\t\t\t\t\t\t<a href=\"https:\/\/zentrum-garage.ch\/fr\/batteries-automobiles\/\" title=\"Batteries automobiles\">\n\t\t\t\t\t\t\t<img loading=\"lazy\" decoding=\"async\" width=\"550\" height=\"400\" src=\"https:\/\/zentrum-garage.ch\/wp-content\/uploads\/2020\/09\/IMG_4865-550x400.jpg\" class=\"attachment-medium-thumb size-medium-thumb wp-post-image\" alt=\"Photo batteries de v\u00e9hicules\" \/>\t\t\t\t\t\t<\/a>\t\t\t\n\t\t\t\t\t<\/div>\t\n\t\t\t\t\t\t\t\t\t\t\n\t\t\t\t\t\t\t\t\t<div class=\"entry-meta delimiter-dot\">\n\t\t\t\t\t\t\t\t\t\t\t\t\t\t\t\t\n\t\t\t\t\t<\/div>\n\t\t\t\t\t\t\t\t<h4 class=\"entry-title\"><a href=\"https:\/\/zentrum-garage.ch\/fr\/batteries-automobiles\/\" rel=\"bookmark\">Batteries automobiles<\/a><\/h4>\t\t\t\t\t<div class=\"entry-summary\">\n\t\t\t\t\t<p>Le b.a.-ba de la batterie de voiture<\/p>\n<a class=\"ele-read-more\" href=\"https:\/\/zentrum-garage.ch\/fr\/batteries-automobiles\/\">&gt; Beitrag lesen<\/a><\/div>\n\t\t\t\t<\/div>\n\t\t\t\t\t\t\t<div class=\"blog-post col-md-12\">\n\t\t\t\t\t\t\t\t\t<div class=\"entry-thumb\">\n\t\t\t\t\t\t<a href=\"https:\/\/zentrum-garage.ch\/fr\/balais-dessuie-glace\/\" title=\"Balais d&rsquo;essuie-glace\">\n\t\t\t\t\t\t\t<img loading=\"lazy\" decoding=\"async\" width=\"550\" height=\"400\" src=\"https:\/\/zentrum-garage.ch\/wp-content\/uploads\/2020\/06\/Blog_Scheibenwischbl\u00e4tter-550x400.jpg\" class=\"attachment-medium-thumb size-medium-thumb wp-post-image\" alt=\"ScheibenwischblattBalai d&#039;essuie-glace\" \/>\t\t\t\t\t\t<\/a>\t\t\t\n\t\t\t\t\t<\/div>\t\n\t\t\t\t\t\t\t\t\t\t\n\t\t\t\t\t\t\t\t\t<div class=\"entry-meta delimiter-dot\">\n\t\t\t\t\t\t\t\t\t\t\t\t\t\t\t\t\n\t\t\t\t\t<\/div>\n\t\t\t\t\t\t\t\t<h4 class=\"entry-title\"><a href=\"https:\/\/zentrum-garage.ch\/fr\/balais-dessuie-glace\/\" rel=\"bookmark\">Balais d&rsquo;essuie-glace<\/a><\/h4>\t\t\t\t\t<div class=\"entry-summary\">\n\t\t\t\t\t<p>Quand remplacer les balais d&rsquo;essuie-glace ?<\/p>\n<a class=\"ele-read-more\" href=\"https:\/\/zentrum-garage.ch\/fr\/balais-dessuie-glace\/\">&gt; Beitrag lesen<\/a><\/div>\n\t\t\t\t<\/div>\n\t\t\t\t\t\t\t<div class=\"blog-post col-md-12\">\n\t\t\t\t\t\t\t\t\t<div class=\"entry-thumb\">\n\t\t\t\t\t\t<a href=\"https:\/\/zentrum-garage.ch\/fr\/explication-symboles-des-pneus\/\" title=\"Symboles des pneus\">\n\t\t\t\t\t\t\t<img loading=\"lazy\" decoding=\"async\" width=\"550\" height=\"400\" src=\"https:\/\/zentrum-garage.ch\/wp-content\/uploads\/2020\/03\/zgd_blog_reifen-550x400.jpeg\" class=\"attachment-medium-thumb size-medium-thumb wp-post-image\" alt=\"Marquage d&#039;un pneu de voiture\" \/>\t\t\t\t\t\t<\/a>\t\t\t\n\t\t\t\t\t<\/div>\t\n\t\t\t\t\t\t\t\t\t\t\n\t\t\t\t\t\t\t\t\t<div class=\"entry-meta delimiter-dot\">\n\t\t\t\t\t\t\t\t\t\t\t\t\t\t\t\t\n\t\t\t\t\t<\/div>\n\t\t\t\t\t\t\t\t<h4 class=\"entry-title\"><a href=\"https:\/\/zentrum-garage.ch\/fr\/explication-symboles-des-pneus\/\" rel=\"bookmark\">Symboles des pneus<\/a><\/h4>\t\t\t\t\t<div class=\"entry-summary\">\n\t\t\t\t\t<p>Explication des symboles et abr\u00e9viations figurant sur un pneu de voiture.<\/p>\n<a class=\"ele-read-more\" href=\"https:\/\/zentrum-garage.ch\/fr\/explication-symboles-des-pneus\/\">&gt; Beitrag lesen<\/a><\/div>\n\t\t\t\t<\/div>\n\t\t\t\t\t\t\t<div class=\"blog-post col-md-12\">\n\t\t\t\t\t\t\t\t\t<div class=\"entry-thumb\">\n\t\t\t\t\t\t<a href=\"https:\/\/zentrum-garage.ch\/fr\/disques-a-gratter\/\" title=\"Gratter les vitres\">\n\t\t\t\t\t\t\t<img loading=\"lazy\" decoding=\"async\" width=\"550\" height=\"400\" src=\"https:\/\/zentrum-garage.ch\/wp-content\/uploads\/2020\/03\/Scheibenkratzen-550x400.jpg\" class=\"attachment-medium-thumb size-medium-thumb wp-post-image\" alt=\"Photo d&#039;une fen\u00eatre glac\u00e9e.\" \/>\t\t\t\t\t\t<\/a>\t\t\t\n\t\t\t\t\t<\/div>\t\n\t\t\t\t\t\t\t\t\t\t\n\t\t\t\t\t\t\t\t\t<div class=\"entry-meta delimiter-dot\">\n\t\t\t\t\t\t\t\t\t\t\t\t\t\t\t\t\n\t\t\t\t\t<\/div>\n\t\t\t\t\t\t\t\t<h4 class=\"entry-title\"><a href=\"https:\/\/zentrum-garage.ch\/fr\/disques-a-gratter\/\" rel=\"bookmark\">Gratter les vitres<\/a><\/h4>\t\t\t\t\t<div class=\"entry-summary\">\n\t\t\t\t\t<p>Nos conseils pour gratter les vitres pendant la saison froide.<\/p>\n<a class=\"ele-read-more\" href=\"https:\/\/zentrum-garage.ch\/fr\/disques-a-gratter\/\">&gt; Beitrag lesen<\/a><\/div>\n\t\t\t\t<\/div>\n\t\t\t\t\t\t\t<div class=\"blog-post col-md-12\">\n\t\t\t\t\t\t\t\t\t<div class=\"entry-thumb\">\n\t\t\t\t\t\t<a href=\"https:\/\/zentrum-garage.ch\/fr\/avarie-de-martre\/\" title=\"D\u00e9g\u00e2t de fouines\">\n\t\t\t\t\t\t\t<img loading=\"lazy\" decoding=\"async\" width=\"550\" height=\"400\" src=\"https:\/\/zentrum-garage.ch\/wp-content\/uploads\/2019\/09\/Groupe-e-2-e1688893342894-550x400.jpg\" class=\"attachment-medium-thumb size-medium-thumb wp-post-image\" alt=\"D\u00e9g\u00e2ts caus\u00e9s par les martres photographiques\" \/>\t\t\t\t\t\t<\/a>\t\t\t\n\t\t\t\t\t<\/div>\t\n\t\t\t\t\t\t\t\t\t\t\n\t\t\t\t\t\t\t\t\t<div class=\"entry-meta delimiter-dot\">\n\t\t\t\t\t\t\t\t\t\t\t\t\t\t\t\t\n\t\t\t\t\t<\/div>\n\t\t\t\t\t\t\t\t<h4 class=\"entry-title\"><a href=\"https:\/\/zentrum-garage.ch\/fr\/avarie-de-martre\/\" rel=\"bookmark\">D\u00e9g\u00e2t de fouines<\/a><\/h4>\t\t\t\t\t<div class=\"entry-summary\">\n\t\t\t\t\t<p>Mieux vaut pr\u00e9venir que r\u00e9parer les d\u00e9g\u00e2ts caus\u00e9s par les martres.<\/p>\n<a class=\"ele-read-more\" href=\"https:\/\/zentrum-garage.ch\/fr\/avarie-de-martre\/\">&gt; Beitrag lesen<\/a><\/div>\n\t\t\t\t<\/div>\n\t\t\t\t\t\t\t<div class=\"blog-post col-md-12\">\n\t\t\t\t\t\t\t\t\t<div class=\"entry-thumb\">\n\t\t\t\t\t\t<a href=\"https:\/\/zentrum-garage.ch\/fr\/temoins-de-controle\/\" title=\"T\u00e9moins de contr\u00f4le\">\n\t\t\t\t\t\t\t<img loading=\"lazy\" decoding=\"async\" width=\"550\" height=\"366\" src=\"https:\/\/zentrum-garage.ch\/wp-content\/uploads\/2018\/04\/Cockpit.jpg\" class=\"attachment-medium-thumb size-medium-thumb wp-post-image\" alt=\"Renault Kadjar\" srcset=\"https:\/\/zentrum-garage.ch\/wp-content\/uploads\/2018\/04\/Cockpit.jpg 850w, https:\/\/zentrum-garage.ch\/wp-content\/uploads\/2018\/04\/Cockpit-300x200.jpg 300w, https:\/\/zentrum-garage.ch\/wp-content\/uploads\/2018\/04\/Cockpit-768x511.jpg 768w\" sizes=\"(max-width: 550px) 100vw, 550px\" \/>\t\t\t\t\t\t<\/a>\t\t\t\n\t\t\t\t\t<\/div>\t\n\t\t\t\t\t\t\t\t\t\t\n\t\t\t\t\t\t\t\t\t<div class=\"entry-meta delimiter-dot\">\n\t\t\t\t\t\t\t\t\t\t\t\t\t\t\t\t\n\t\t\t\t\t<\/div>\n\t\t\t\t\t\t\t\t<h4 class=\"entry-title\"><a href=\"https:\/\/zentrum-garage.ch\/fr\/temoins-de-controle\/\" rel=\"bookmark\">T\u00e9moins de contr\u00f4le<\/a><\/h4>\t\t\t\t\t<div class=\"entry-summary\">\n\t\t\t\t\t<p>Interpr\u00e9ter correctement les signaux d&rsquo;avertissement de la voiture.<\/p>\n<a class=\"ele-read-more\" href=\"https:\/\/zentrum-garage.ch\/fr\/temoins-de-controle\/\">&gt; Beitrag lesen<\/a><\/div>\n\t\t\t\t<\/div>\n\t\t\t\t\t\t\t<div class=\"blog-post col-md-12\">\n\t\t\t\t\t\t\t\t\t<div class=\"entry-thumb\">\n\t\t\t\t\t\t<a href=\"https:\/\/zentrum-garage.ch\/fr\/pieces-detachees-dorigine\/\" title=\"Pi\u00e8ces d\u00e9tach\u00e9es d\u2019origine\">\n\t\t\t\t\t\t\t<img loading=\"lazy\" decoding=\"async\" width=\"550\" height=\"310\" src=\"https:\/\/zentrum-garage.ch\/wp-content\/uploads\/2018\/04\/Ersatzteile.jpg\" class=\"attachment-medium-thumb size-medium-thumb wp-post-image\" alt=\"Pi\u00e8ces d\u00e9tach\u00e9es\" srcset=\"https:\/\/zentrum-garage.ch\/wp-content\/uploads\/2018\/04\/Ersatzteile.jpg 636w, https:\/\/zentrum-garage.ch\/wp-content\/uploads\/2018\/04\/Ersatzteile-300x169.jpg 300w\" sizes=\"(max-width: 550px) 100vw, 550px\" \/>\t\t\t\t\t\t<\/a>\t\t\t\n\t\t\t\t\t<\/div>\t\n\t\t\t\t\t\t\t\t\t\t\n\t\t\t\t\t\t\t\t\t<div class=\"entry-meta delimiter-dot\">\n\t\t\t\t\t\t\t\t\t\t\t\t\t\t\t\t\n\t\t\t\t\t<\/div>\n\t\t\t\t\t\t\t\t<h4 class=\"entry-title\"><a href=\"https:\/\/zentrum-garage.ch\/fr\/pieces-detachees-dorigine\/\" rel=\"bookmark\">Pi\u00e8ces d\u00e9tach\u00e9es d\u2019origine<\/a><\/h4>\t\t\t\t\t<div class=\"entry-summary\">\n\t\t\t\t\t<p>Des produits de qualit\u00e9 avec garantie.<\/p>\n<a class=\"ele-read-more\" href=\"https:\/\/zentrum-garage.ch\/fr\/pieces-detachees-dorigine\/\">&gt; Beitrag lesen<\/a><\/div>\n\t\t\t\t<\/div>\n\t\t\t\t\t\t\t<div class=\"blog-post col-md-12\">\n\t\t\t\t\t\t\t\t\t<div class=\"entry-thumb\">\n\t\t\t\t\t\t<a href=\"https:\/\/zentrum-garage.ch\/fr\/mobilite-pendant-que-votre-vehicule-est-a-latelier\/\" title=\"Mobilit\u00e9 pendant que votre v\u00e9hicule est \u00e0 l\u2019atelier\">\n\t\t\t\t\t\t\t<img loading=\"lazy\" decoding=\"async\" width=\"550\" height=\"310\" src=\"https:\/\/zentrum-garage.ch\/wp-content\/uploads\/2018\/04\/Abhol-und-Bringservice.jpg\" class=\"attachment-medium-thumb size-medium-thumb wp-post-image\" alt=\"Image du blog sur la mobilit\u00e9\" srcset=\"https:\/\/zentrum-garage.ch\/wp-content\/uploads\/2018\/04\/Abhol-und-Bringservice.jpg 636w, https:\/\/zentrum-garage.ch\/wp-content\/uploads\/2018\/04\/Abhol-und-Bringservice-300x169.jpg 300w\" sizes=\"(max-width: 550px) 100vw, 550px\" \/>\t\t\t\t\t\t<\/a>\t\t\t\n\t\t\t\t\t<\/div>\t\n\t\t\t\t\t\t\t\t\t\t\n\t\t\t\t\t\t\t\t\t<div class=\"entry-meta delimiter-dot\">\n\t\t\t\t\t\t\t\t\t\t\t\t\t\t\t\t\n\t\t\t\t\t<\/div>\n\t\t\t\t\t\t\t\t<h4 class=\"entry-title\"><a href=\"https:\/\/zentrum-garage.ch\/fr\/mobilite-pendant-que-votre-vehicule-est-a-latelier\/\" rel=\"bookmark\">Mobilit\u00e9 pendant que votre v\u00e9hicule est \u00e0 l\u2019atelier<\/a><\/h4>\t\t\t\t\t<div class=\"entry-summary\">\n\t\t\t\t\t<p>Voiture de remplacement, v\u00e9lo \u00e9lectrique ou service de transport.<\/p>\n<a class=\"ele-read-more\" href=\"https:\/\/zentrum-garage.ch\/fr\/mobilite-pendant-que-votre-vehicule-est-a-latelier\/\">&gt; Beitrag lesen<\/a><\/div>\n\t\t\t\t<\/div>\n\t\t\t\t\t\t\t<div class=\"blog-post col-md-12\">\n\t\t\t\t\t\t\t\t\t<div class=\"entry-thumb\">\n\t\t\t\t\t\t<a href=\"https:\/\/zentrum-garage.ch\/fr\/reparation-remplacement-de-vitres\/\" title=\"Pare-brise\">\n\t\t\t\t\t\t\t<img loading=\"lazy\" decoding=\"async\" width=\"300\" height=\"400\" src=\"https:\/\/zentrum-garage.ch\/wp-content\/uploads\/2018\/05\/20180514_090135-e1688893095862.jpg\" class=\"attachment-medium-thumb size-medium-thumb wp-post-image\" alt=\"Centre Garage D\u00fcdingen R\u00e9paration\/remplacement de pare-brise\" \/>\t\t\t\t\t\t<\/a>\t\t\t\n\t\t\t\t\t<\/div>\t\n\t\t\t\t\t\t\t\t\t\t\n\t\t\t\t\t\t\t\t\t<div class=\"entry-meta delimiter-dot\">\n\t\t\t\t\t\t\t\t\t\t\t\t\t\t\t\t\n\t\t\t\t\t<\/div>\n\t\t\t\t\t\t\t\t<h4 class=\"entry-title\"><a href=\"https:\/\/zentrum-garage.ch\/fr\/reparation-remplacement-de-vitres\/\" rel=\"bookmark\">Pare-brise<\/a><\/h4>\t\t\t\t\t<div class=\"entry-summary\">\n\t\t\t\t\t<p>Pare-brise endommag\u00e9 &#8211; r\u00e9parer ou remplacer ?<\/p>\n<a class=\"ele-read-more\" href=\"https:\/\/zentrum-garage.ch\/fr\/reparation-remplacement-de-vitres\/\">&gt; Beitrag lesen<\/a><\/div>\n\t\t\t\t<\/div>\n\t\t\t\t\t\t\t<div class=\"blog-post col-md-12\">\n\t\t\t\t\t\t\t\t\t<div class=\"entry-thumb\">\n\t\t\t\t\t\t<a href=\"https:\/\/zentrum-garage.ch\/fr\/disque-de-stationnement\/\" title=\"Disque de stationnement\">\n\t\t\t\t\t\t\t<img loading=\"lazy\" decoding=\"async\" width=\"550\" height=\"400\" src=\"https:\/\/zentrum-garage.ch\/wp-content\/uploads\/2018\/05\/Parkscheibe-e1554792266978-550x400.png\" class=\"attachment-medium-thumb size-medium-thumb wp-post-image\" alt=\"Disque de stationnement\" \/>\t\t\t\t\t\t<\/a>\t\t\t\n\t\t\t\t\t<\/div>\t\n\t\t\t\t\t\t\t\t\t\t\n\t\t\t\t\t\t\t\t\t<div class=\"entry-meta delimiter-dot\">\n\t\t\t\t\t\t\t\t\t\t\t\t\t\t\t\t\n\t\t\t\t\t<\/div>\n\t\t\t\t\t\t\t\t<h4 class=\"entry-title\"><a href=\"https:\/\/zentrum-garage.ch\/fr\/disque-de-stationnement\/\" rel=\"bookmark\">Disque de stationnement<\/a><\/h4>\t\t\t\t\t<div class=\"entry-summary\">\n\t\t\t\t\t<p>R\u00e9gler le disque de stationnement pour la zone bleue.<\/p>\n<a class=\"ele-read-more\" href=\"https:\/\/zentrum-garage.ch\/fr\/disque-de-stationnement\/\">&gt; Beitrag lesen<\/a><\/div>\n\t\t\t\t<\/div>\n\t\t\t\t\t\t\t<div class=\"blog-post col-md-12\">\n\t\t\t\t\t\t\t\t\t<div class=\"entry-thumb\">\n\t\t\t\t\t\t<a href=\"https:\/\/zentrum-garage.ch\/fr\/marquage-des-places-de-stationnements\/\" title=\"Marquage des places de stationnements\">\n\t\t\t\t\t\t\t<img loading=\"lazy\" decoding=\"async\" width=\"550\" height=\"358\" src=\"https:\/\/zentrum-garage.ch\/wp-content\/uploads\/2018\/05\/GzD_Parkplatz-e1554792248578-550x358.jpg\" class=\"attachment-medium-thumb size-medium-thumb wp-post-image\" alt=\"Marquage des parkings\" \/>\t\t\t\t\t\t<\/a>\t\t\t\n\t\t\t\t\t<\/div>\t\n\t\t\t\t\t\t\t\t\t\t\n\t\t\t\t\t\t\t\t\t<div class=\"entry-meta delimiter-dot\">\n\t\t\t\t\t\t\t\t\t\t\t\t\t\t\t\t\n\t\t\t\t\t<\/div>\n\t\t\t\t\t\t\t\t<h4 class=\"entry-title\"><a href=\"https:\/\/zentrum-garage.ch\/fr\/marquage-des-places-de-stationnements\/\" rel=\"bookmark\">Marquage des places de stationnements<\/a><\/h4>\t\t\t\t\t<div class=\"entry-summary\">\n\t\t\t\t\t<p>Les places de parking et leurs couleurs.<\/p>\n<a class=\"ele-read-more\" href=\"https:\/\/zentrum-garage.ch\/fr\/marquage-des-places-de-stationnements\/\">&gt; Beitrag lesen<\/a><\/div>\n\t\t\t\t<\/div>\n\t\t\t\t\t\t\t<div class=\"blog-post col-md-12\">\n\t\t\t\t\t\t\t\t\t<div class=\"entry-thumb\">\n\t\t\t\t\t\t<a href=\"https:\/\/zentrum-garage.ch\/fr\/adblue\/\" title=\"AdBlue\">\n\t\t\t\t\t\t\t<img loading=\"lazy\" decoding=\"async\" width=\"517\" height=\"380\" src=\"https:\/\/zentrum-garage.ch\/wp-content\/uploads\/2018\/05\/Adblue.jpg\" class=\"attachment-medium-thumb size-medium-thumb wp-post-image\" alt=\"Symbole de l&#039;Adblue tank\" srcset=\"https:\/\/zentrum-garage.ch\/wp-content\/uploads\/2018\/05\/Adblue.jpg 517w, https:\/\/zentrum-garage.ch\/wp-content\/uploads\/2018\/05\/Adblue-300x221.jpg 300w\" sizes=\"(max-width: 517px) 100vw, 517px\" \/>\t\t\t\t\t\t<\/a>\t\t\t\n\t\t\t\t\t<\/div>\t\n\t\t\t\t\t\t\t\t\t\t\n\t\t\t\t\t\t\t\t\t<div class=\"entry-meta delimiter-dot\">\n\t\t\t\t\t\t\t\t\t\t\t\t\t\t\t\t\n\t\t\t\t\t<\/div>\n\t\t\t\t\t\t\t\t<h4 class=\"entry-title\"><a href=\"https:\/\/zentrum-garage.ch\/fr\/adblue\/\" rel=\"bookmark\">AdBlue<\/a><\/h4>\t\t\t\t\t<div class=\"entry-summary\">\n\t\t\t\t\t<p>Veuillez ajouter de l&rsquo;AdBlue &#8211; encore 2&rsquo;400 km.<\/p>\n<a class=\"ele-read-more\" href=\"https:\/\/zentrum-garage.ch\/fr\/adblue\/\">&gt; Beitrag lesen<\/a><\/div>\n\t\t\t\t<\/div>\n\t\t\t\t\t\t\t<div class=\"blog-post col-md-12\">\n\t\t\t\t\t\t\t\t\t<div class=\"entry-thumb\">\n\t\t\t\t\t\t<a href=\"https:\/\/zentrum-garage.ch\/fr\/changement-de-roues-et-de-pneus\/\" title=\"Changement de roues et de pneus\">\n\t\t\t\t\t\t\t<img loading=\"lazy\" decoding=\"async\" width=\"550\" height=\"400\" src=\"https:\/\/zentrum-garage.ch\/wp-content\/uploads\/2018\/09\/Radwechsel-550x400.jpg\" class=\"attachment-medium-thumb size-medium-thumb wp-post-image\" alt=\"Image pour le changement de roue des billets de blog\" \/>\t\t\t\t\t\t<\/a>\t\t\t\n\t\t\t\t\t<\/div>\t\n\t\t\t\t\t\t\t\t\t\t\n\t\t\t\t\t\t\t\t\t<div class=\"entry-meta delimiter-dot\">\n\t\t\t\t\t\t\t\t\t\t\t\t\t\t\t\t\n\t\t\t\t\t<\/div>\n\t\t\t\t\t\t\t\t<h4 class=\"entry-title\"><a href=\"https:\/\/zentrum-garage.ch\/fr\/changement-de-roues-et-de-pneus\/\" rel=\"bookmark\">Changement de roues et de pneus<\/a><\/h4>\t\t\t\t\t<div class=\"entry-summary\">\n\t\t\t\t\t<p>La temp\u00e9rature d\u00e9termine le changement de pneus.<\/p>\n<a class=\"ele-read-more\" href=\"https:\/\/zentrum-garage.ch\/fr\/changement-de-roues-et-de-pneus\/\">&gt; Beitrag lesen<\/a><\/div>\n\t\t\t\t<\/div>\n\t\t\t\t\t\t<\/div>\n\t\t<\/div>\n\n\t\t\t\t\t\t\t\t\t\n\t\t\t\n\t\t\n\t\t\t\t<\/div>\n\t\t\t\t<\/div>\n\t\t\t\t\t<\/div>\n\t\t<\/div>\n\t\t\t\t\t\t\t<\/div>\n\t\t<\/section>\n\t\t\t\t<section class=\"elementor-section elementor-top-section elementor-element elementor-element-31f5cea8 elementor-section-boxed elementor-section-height-default elementor-section-height-default\" data-id=\"31f5cea8\" data-element_type=\"section\">\n\t\t\t\t\t\t<div class=\"elementor-container elementor-column-gap-default\">\n\t\t\t\t\t<div class=\"elementor-column elementor-col-100 elementor-top-column elementor-element elementor-element-1ccd0a49\" data-id=\"1ccd0a49\" data-element_type=\"column\">\n\t\t\t<div class=\"elementor-widget-wrap elementor-element-populated\">\n\t\t\t\t\t\t\t\t<div class=\"elementor-element elementor-element-55e423ba elementor-view-default elementor-widget elementor-widget-icon\" data-id=\"55e423ba\" data-element_type=\"widget\" data-widget_type=\"icon.default\">\n\t\t\t\t<div class=\"elementor-widget-container\">\n\t\t\t\t\t<div class=\"elementor-icon-wrapper\">\n\t\t\t<a class=\"elementor-icon\" href=\"#up\">\n\t\t\t<i aria-hidden=\"true\" class=\"fas fa-arrow-up\"><\/i>\t\t\t<\/a>\n\t\t<\/div>\n\t\t\t\t<\/div>\n\t\t\t\t<\/div>\n\t\t\t\t\t<\/div>\n\t\t<\/div>\n\t\t\t\t\t\t\t<\/div>\n\t\t<\/section>\n\t\t\t\t\t\t\t<\/div>\n\t\t","protected":false},"excerpt":{"rendered":"<p>Explication des symboles et abr\u00e9viations figurant sur un pneu de voiture.<\/p>\n","protected":false},"author":1,"featured_media":34742,"comment_status":"closed","ping_status":"open","sticky":false,"template":"elementor_header_footer","format":"standard","meta":{"inline_featured_image":false,"footnotes":""},"categories":[1],"tags":[],"aioseo_notices":[],"_links":{"self":[{"href":"https:\/\/zentrum-garage.ch\/fr\/wp-json\/wp\/v2\/posts\/32742"}],"collection":[{"href":"https:\/\/zentrum-garage.ch\/fr\/wp-json\/wp\/v2\/posts"}],"about":[{"href":"https:\/\/zentrum-garage.ch\/fr\/wp-json\/wp\/v2\/types\/post"}],"author":[{"embeddable":true,"href":"https:\/\/zentrum-garage.ch\/fr\/wp-json\/wp\/v2\/users\/1"}],"replies":[{"embeddable":true,"href":"https:\/\/zentrum-garage.ch\/fr\/wp-json\/wp\/v2\/comments?post=32742"}],"version-history":[{"count":10,"href":"https:\/\/zentrum-garage.ch\/fr\/wp-json\/wp\/v2\/posts\/32742\/revisions"}],"predecessor-version":[{"id":38309,"href":"https:\/\/zentrum-garage.ch\/fr\/wp-json\/wp\/v2\/posts\/32742\/revisions\/38309"}],"wp:featuredmedia":[{"embeddable":true,"href":"https:\/\/zentrum-garage.ch\/fr\/wp-json\/wp\/v2\/media\/34742"}],"wp:attachment":[{"href":"https:\/\/zentrum-garage.ch\/fr\/wp-json\/wp\/v2\/media?parent=32742"}],"wp:term":[{"taxonomy":"category","embeddable":true,"href":"https:\/\/zentrum-garage.ch\/fr\/wp-json\/wp\/v2\/categories?post=32742"},{"taxonomy":"post_tag","embeddable":true,"href":"https:\/\/zentrum-garage.ch\/fr\/wp-json\/wp\/v2\/tags?post=32742"}],"curies":[{"name":"wp","href":"https:\/\/api.w.org\/{rel}","templated":true}]}}